{"id":38647,"date":"2023-01-09T10:55:02","date_gmt":"2023-01-09T13:55:02","guid":{"rendered":"http:\/\/www.almargenweb.com.ar\/web\/?p=38647"},"modified":"2023-01-09T10:55:03","modified_gmt":"2023-01-09T13:55:03","slug":"primera-ola-de-calor-del-2023-se-espera-una-semana-con-temperaturas-que-rondan-los-40c","status":"publish","type":"post","link":"https:\/\/www.almargenweb.com.ar\/web\/primera-ola-de-calor-del-2023-se-espera-una-semana-con-temperaturas-que-rondan-los-40c\/","title":{"rendered":"Primera ola de calor del 2023: se espera una semana con temperaturas que rondan los 40\u00b0C"},"content":{"rendered":"\n<p>La causa de las altas temperaturas es la persistencia de un inusual r\u00e9gimen de clima muy seco, sin nubes ni lluvias, con vientos predominantes del norte. <\/p>\n\n\n\n<p>Esto genera una oscilaci\u00f3n diaria muy marcada de la temperatura, con m\u00e1ximas muy altas y luego ca\u00eddas fuertes durante la madrugada.<\/p>\n\n\n\n<p>Con el ingreso de aire c\u00e1lido desde el noreste que favorece el ascenso de las temperaturas, las previsiones contin\u00faan sin cambios.<\/p>\n\n\n\n<p>Los valores t\u00e9rmicos se mantendr\u00e1n con m\u00e1ximas en la franja de los 38\u00b0 a 40\u00b0 pero con sensaciones t\u00e9rmicas inferiores a esas cifras debido a la persistencia de la baja humedad. <\/p>\n\n\n\n<p>En cuanto a probabilidades de lluvias, los modelos actuales apuntan al pr\u00f3ximo jueves, pero las precipitaciones no ser\u00edan abundantes para nuestra regi\u00f3n. <\/p>\n\n\n\n<p>Esa inestabilidad traer\u00eda consigo un descenso de las temperaturas hacia el jueves o viernes venideros.<\/p>\n<!-- AddThis Advanced Settings generic via filter on the_content --><!-- AddThis Share Buttons generic via filter on the_content -->","protected":false},"excerpt":{"rendered":"<p>La causa de las altas temperaturas es la persistencia de un inusual r\u00e9gimen de clima muy [&hellip;]<!-- AddThis Advanced Settings generic via filter on get_the_excerpt --><!-- AddThis Share Buttons generic via filter on get_the_excerpt --><\/p>\n","protected":false},"author":16,"featured_media":38650,"comment_status":"open","ping_status":"open","sticky":false,"template":"","format":"standard","meta":{"_seopress_robots_primary_cat":"none","_seopress_titles_title":"","_seopress_titles_desc":"","_seopress_robots_index":"","_themeisle_gutenberg_block_has_review":false,"footnotes":""},"categories":[2,164],"tags":[],"class_list":["post-38647","post","type-post","status-publish","format-standard","has-post-thumbnail","hentry","category-actualidad","category-ambiente"],"_links":{"self":[{"href":"https:\/\/www.almargenweb.com.ar\/web\/wp-json\/wp\/v2\/posts\/38647","targetHints":{"allow":["GET"]}}],"collection":[{"href":"https:\/\/www.almargenweb.com.ar\/web\/wp-json\/wp\/v2\/posts"}],"about":[{"href":"https:\/\/www.almargenweb.com.ar\/web\/wp-json\/wp\/v2\/types\/post"}],"author":[{"embeddable":true,"href":"https:\/\/www.almargenweb.com.ar\/web\/wp-json\/wp\/v2\/users\/16"}],"replies":[{"embeddable":true,"href":"https:\/\/www.almargenweb.com.ar\/web\/wp-json\/wp\/v2\/comments?post=38647"}],"version-history":[{"count":1,"href":"https:\/\/www.almargenweb.com.ar\/web\/wp-json\/wp\/v2\/posts\/38647\/revisions"}],"predecessor-version":[{"id":38651,"href":"https:\/\/www.almargenweb.com.ar\/web\/wp-json\/wp\/v2\/posts\/38647\/revisions\/38651"}],"wp:featuredmedia":[{"embeddable":true,"href":"https:\/\/www.almargenweb.com.ar\/web\/wp-json\/wp\/v2\/media\/38650"}],"wp:attachment":[{"href":"https:\/\/www.almargenweb.com.ar\/web\/wp-json\/wp\/v2\/media?parent=38647"}],"wp:term":[{"taxonomy":"category","embeddable":true,"href":"https:\/\/www.almargenweb.com.ar\/web\/wp-json\/wp\/v2\/categories?post=38647"},{"taxonomy":"post_tag","embeddable":true,"href":"https:\/\/www.almargenweb.com.ar\/web\/wp-json\/wp\/v2\/tags?post=38647"}],"curies":[{"name":"wp","href":"https:\/\/api.w.org\/{rel}","templated":true}]}}