{"id":38627,"date":"2023-01-05T13:23:52","date_gmt":"2023-01-05T16:23:52","guid":{"rendered":"http:\/\/www.almargenweb.com.ar\/web\/?p=38627"},"modified":"2023-01-05T13:23:53","modified_gmt":"2023-01-05T16:23:53","slug":"rodrigo-muller-proyecto-para-que-el-concejo-recupere-la-facultad-de-fijar-calles-dias-y-horarios-en-el-estacionamiento-medido","status":"publish","type":"post","link":"https:\/\/www.almargenweb.com.ar\/web\/rodrigo-muller-proyecto-para-que-el-concejo-recupere-la-facultad-de-fijar-calles-dias-y-horarios-en-el-estacionamiento-medido\/","title":{"rendered":"Rodrigo M\u00fcller: Proyecto para que el Concejo recupere la facultad de fijar calles, d\u00edas y horarios en el Estacionamiento Medido"},"content":{"rendered":"\n<p>El concejal Rodrigo M\u00fcller, presento un proyecto de ordenanza, para recuperar la facultad de fijar calles, d\u00edas y horarios del Estacionamiento Medido en la ciudad. \u201cNo comparto la creaci\u00f3n del SEMI, no comparto menos la delegaci\u00f3n de una atribuci\u00f3n del concejo\u201d.<\/p>\n\n\n\n<p>Sostiene que evidentemente el Departamento Ejecutivo Municipal ha tenido una total falta de criterio en el uso de esta facultad delegada. Por lo que, lo que una vez se deleg\u00f3 como atribuci\u00f3n del Concejo Municipal, es convenientemente retomarla, para que se haga un mejor uso de la misma.<\/p>\n\n\n\n<p>Desde que se implementa el Servicio de Estacionamiento Medido el Departamento Ejecutivo Municipal no ha mostrado ninguna evidencia respecto a los cambios que introdujo. No informa cuantos son los ingresos, egresos, cu\u00e1les son los criterios para contratar personal. Cuales son la cantidad de d\u00e1rsenas ocupadas.<\/p>\n\n\n\n<p>Del a\u00f1o 2016 hasta la fecha, han transcurrido 6 a\u00f1os de la implementaci\u00f3n y han faltado los informes respectivos. <\/p>\n\n\n\n<p>Tampoco cuando se lo solicit\u00f3 a trav\u00e9s de un pedido de informes se ha respondido, por lo que creo que faltado criterio y se ha manejado con absoluta discrecionalidad las facultades delegadas por el Concejo al Departamento Ejecutivo. <\/p>\n\n\n\n<p>Esto demuestra que es razonable replantear y derogar el Art. 4 de la Ordenanza 3905\/16, retomando la facultad por parte del Concejo Municipal de fijar calles nuevas (adicionales a las que originalmente se fijaron), horarios y d\u00edas de funcionamiento. <\/p>\n\n\n\n<p>Por lo que espero que en cada oportunidad que se plantee ampliar la zona, la Intendenta y sus secretarios deber\u00e1n alegar cuales son las razones de incrementar y recargar a los contribuyentes esperancinos.<\/p>\n<!-- AddThis Advanced Settings generic via filter on the_content --><!-- AddThis Share Buttons generic via filter on the_content -->","protected":false},"excerpt":{"rendered":"<p>El concejal Rodrigo M\u00fcller, presento un proyecto de ordenanza, para recuperar la facultad de fijar calles, [&hellip;]<!-- AddThis Advanced Settings generic via filter on get_the_excerpt --><!-- AddThis Share Buttons generic via filter on get_the_excerpt --><\/p>\n","protected":false},"author":16,"featured_media":38630,"comment_status":"open","ping_status":"open","sticky":false,"template":"","format":"standard","meta":{"_seopress_robots_primary_cat":"none","_seopress_titles_title":"","_seopress_titles_desc":"","_seopress_robots_index":"","_themeisle_gutenberg_block_has_review":false,"footnotes":""},"categories":[2,164,47,24,9],"tags":[],"class_list":["post-38627","post","type-post","status-publish","format-standard","has-post-thumbnail","hentry","category-actualidad","category-ambiente","category-locales","category-obras-publicas","category-politica"],"_links":{"self":[{"href":"https:\/\/www.almargenweb.com.ar\/web\/wp-json\/wp\/v2\/posts\/38627","targetHints":{"allow":["GET"]}}],"collection":[{"href":"https:\/\/www.almargenweb.com.ar\/web\/wp-json\/wp\/v2\/posts"}],"about":[{"href":"https:\/\/www.almargenweb.com.ar\/web\/wp-json\/wp\/v2\/types\/post"}],"author":[{"embeddable":true,"href":"https:\/\/www.almargenweb.com.ar\/web\/wp-json\/wp\/v2\/users\/16"}],"replies":[{"embeddable":true,"href":"https:\/\/www.almargenweb.com.ar\/web\/wp-json\/wp\/v2\/comments?post=38627"}],"version-history":[{"count":1,"href":"https:\/\/www.almargenweb.com.ar\/web\/wp-json\/wp\/v2\/posts\/38627\/revisions"}],"predecessor-version":[{"id":38631,"href":"https:\/\/www.almargenweb.com.ar\/web\/wp-json\/wp\/v2\/posts\/38627\/revisions\/38631"}],"wp:featuredmedia":[{"embeddable":true,"href":"https:\/\/www.almargenweb.com.ar\/web\/wp-json\/wp\/v2\/media\/38630"}],"wp:attachment":[{"href":"https:\/\/www.almargenweb.com.ar\/web\/wp-json\/wp\/v2\/media?parent=38627"}],"wp:term":[{"taxonomy":"category","embeddable":true,"href":"https:\/\/www.almargenweb.com.ar\/web\/wp-json\/wp\/v2\/categories?post=38627"},{"taxonomy":"post_tag","embeddable":true,"href":"https:\/\/www.almargenweb.com.ar\/web\/wp-json\/wp\/v2\/tags?post=38627"}],"curies":[{"name":"wp","href":"https:\/\/api.w.org\/{rel}","templated":true}]}}