{"id":38612,"date":"2023-01-04T14:07:30","date_gmt":"2023-01-04T17:07:30","guid":{"rendered":"http:\/\/www.almargenweb.com.ar\/web\/?p=38612"},"modified":"2023-01-04T14:07:32","modified_gmt":"2023-01-04T17:07:32","slug":"como-sigue-la-nena-de-12-anos-violada-por-su-padre-a-la-que-un-grupo-pro-vida-mantuvo-cautiva","status":"publish","type":"post","link":"https:\/\/www.almargenweb.com.ar\/web\/como-sigue-la-nena-de-12-anos-violada-por-su-padre-a-la-que-un-grupo-pro-vida-mantuvo-cautiva\/","title":{"rendered":"C\u00f3mo sigue la nena de 12 a\u00f1os violada por su padre a la que un grupo &#8220;pro vida&#8221; mantuvo cautiva"},"content":{"rendered":"\n<p>Tras la desaparici\u00f3n y el hallazgo de una ni\u00f1a violada que hab\u00eda pedido un aborto en Santa Fe, se confirm\u00f3 que una organizaci\u00f3n civil intervino antes de que se llevara a cabo la Interrupci\u00f3n Legal del Embarazo (ILE). <\/p>\n\n\n\n<p>A partir de los informes recibidos, el Ejecutivo eval\u00faa la posibilidad de hacer una denuncia penal por la interferencia.<\/p>\n\n\n\n<p>Una ni\u00f1a de 12 a\u00f1os, que hab\u00eda pedido abortar despu\u00e9s de ser abusada por su padre, estuvo cautiva por m\u00e1s de 24 horas en Santa Fe y gener\u00f3 una fuerte conmoci\u00f3n en la provincia. <\/p>\n\n\n\n<p>Una organizaci\u00f3n cat\u00f3lica le impidi\u00f3 asistir el lunes al turno para la interrupci\u00f3n del embarazo que ten\u00eda agendada. Finalmente, fue hallada esa misma noche junto a su madre en una de las sedes de esa entidad.<\/p>\n\n\n\n<p>Tanto la ni\u00f1a como la madre optaron desde el primer momento por interrumpir el embarazo y eran acompa\u00f1adas desde mediados de 2022 por un equipo de profesionales debido a la situaci\u00f3n de violencia de g\u00e9nero que la madre sufr\u00eda, consign\u00f3 El Litoral. <\/p>\n\n\n\n<p>Ese mismo equipo inici\u00f3 las gestiones para una interrupci\u00f3n voluntaria del embarazo (IVE) en el marco de la ley 27.610.<\/p>\n\n\n\n<p>La menor de edad cursa el segundo trimestre del embarazo y si bien todav\u00eda no abort\u00f3, a\u00fan est\u00e1 a tiempo de someterse al procedimiento que pidi\u00f3 el s\u00e1bado, cuando la atendieron en el Hospital Jaime Ferr\u00e9 de Rafaela.<\/p>\n\n\n\n<p>La denuncia de una violaci\u00f3n de su padre fue sentada en Garibaldi, un pueblo ubicado a m\u00e1s de 100 kil\u00f3metros al oeste de la capital provincial.<\/p>\n<!-- AddThis Advanced Settings generic via filter on the_content --><!-- AddThis Share Buttons generic via filter on the_content -->","protected":false},"excerpt":{"rendered":"<p>Tras la desaparici\u00f3n y el hallazgo de una ni\u00f1a violada que hab\u00eda pedido un aborto en [&hellip;]<!-- AddThis Advanced Settings generic via filter on get_the_excerpt --><!-- AddThis Share Buttons generic via filter on get_the_excerpt --><\/p>\n","protected":false},"author":16,"featured_media":38615,"comment_status":"open","ping_status":"open","sticky":false,"template":"","format":"standard","meta":{"_seopress_robots_primary_cat":"none","_seopress_titles_title":"","_seopress_titles_desc":"","_seopress_robots_index":"","_themeisle_gutenberg_block_has_review":false,"footnotes":""},"categories":[2,164],"tags":[],"class_list":["post-38612","post","type-post","status-publish","format-standard","has-post-thumbnail","hentry","category-actualidad","category-ambiente"],"_links":{"self":[{"href":"https:\/\/www.almargenweb.com.ar\/web\/wp-json\/wp\/v2\/posts\/38612","targetHints":{"allow":["GET"]}}],"collection":[{"href":"https:\/\/www.almargenweb.com.ar\/web\/wp-json\/wp\/v2\/posts"}],"about":[{"href":"https:\/\/www.almargenweb.com.ar\/web\/wp-json\/wp\/v2\/types\/post"}],"author":[{"embeddable":true,"href":"https:\/\/www.almargenweb.com.ar\/web\/wp-json\/wp\/v2\/users\/16"}],"replies":[{"embeddable":true,"href":"https:\/\/www.almargenweb.com.ar\/web\/wp-json\/wp\/v2\/comments?post=38612"}],"version-history":[{"count":1,"href":"https:\/\/www.almargenweb.com.ar\/web\/wp-json\/wp\/v2\/posts\/38612\/revisions"}],"predecessor-version":[{"id":38616,"href":"https:\/\/www.almargenweb.com.ar\/web\/wp-json\/wp\/v2\/posts\/38612\/revisions\/38616"}],"wp:featuredmedia":[{"embeddable":true,"href":"https:\/\/www.almargenweb.com.ar\/web\/wp-json\/wp\/v2\/media\/38615"}],"wp:attachment":[{"href":"https:\/\/www.almargenweb.com.ar\/web\/wp-json\/wp\/v2\/media?parent=38612"}],"wp:term":[{"taxonomy":"category","embeddable":true,"href":"https:\/\/www.almargenweb.com.ar\/web\/wp-json\/wp\/v2\/categories?post=38612"},{"taxonomy":"post_tag","embeddable":true,"href":"https:\/\/www.almargenweb.com.ar\/web\/wp-json\/wp\/v2\/tags?post=38612"}],"curies":[{"name":"wp","href":"https:\/\/api.w.org\/{rel}","templated":true}]}}