{"id":38601,"date":"2023-01-03T11:23:32","date_gmt":"2023-01-03T14:23:32","guid":{"rendered":"http:\/\/www.almargenweb.com.ar\/web\/?p=38601"},"modified":"2023-01-03T11:23:32","modified_gmt":"2023-01-03T14:23:32","slug":"michlig-en-ceres-estamos-trabajamos-fuertemente-para-ser-una-opcion-potente-para-gobernar-la-provincia","status":"publish","type":"post","link":"https:\/\/www.almargenweb.com.ar\/web\/michlig-en-ceres-estamos-trabajamos-fuertemente-para-ser-una-opcion-potente-para-gobernar-la-provincia\/","title":{"rendered":"Michlig en Ceres: \u201cEstamos trabajamos fuertemente para ser una opci\u00f3n potente para gobernar la provincia\u201d"},"content":{"rendered":"\n<p>El Senador Felipe Michlig visit\u00f3 este lunes la ciudad de Ceres en donde junto con la Intendente local Alejandra Dupouy, entregaron aportes del Programa de Fortalecimiento Institucional de la C\u00e1mara de Senadores.<\/p>\n\n\n\n<p>En conferencia de prensa tambi\u00e9n se refiri\u00f3 a muchos temas de actualidad y en cuanto al panorama electoral del presente a\u00f1o; sostuvo que \u201cestamos trabajando fuertemente para ser una opci\u00f3n potente en el 2023 para gobernar la provincia y tambi\u00e9n la naci\u00f3n, a partir de una plataforma program\u00e1tica firme y superadora que aglutine a todos los partidos de la oposici\u00f3n\u201d.<\/p>\n\n\n\n<p>Durante el acto desarrollado en centro de Punto Digital Ceres, participaron adem\u00e1s el Secretario de Hacienda Miguel Andrada, el Subsecretario de Educaci\u00f3n, Cultura y Deportes Fernando Maletti, el Coordinador de Gabinete Guillermo Cravero, la Secretaria de Desarrollo Humano Silvia Garc\u00eda, Secretario de Obras y Servicios P\u00fablicos Efra\u00edn Rojas, representantes de instituciones, de la prensa, entre otros.<\/p>\n<!-- AddThis Advanced Settings generic via filter on the_content --><!-- AddThis Share Buttons generic via filter on the_content -->","protected":false},"excerpt":{"rendered":"<p>El Senador Felipe Michlig visit\u00f3 este lunes la ciudad de Ceres en donde junto con la [&hellip;]<!-- AddThis Advanced Settings generic via filter on get_the_excerpt --><!-- AddThis Share Buttons generic via filter on get_the_excerpt --><\/p>\n","protected":false},"author":16,"featured_media":38604,"comment_status":"open","ping_status":"open","sticky":false,"template":"","format":"standard","meta":{"_seopress_robots_primary_cat":"none","_seopress_titles_title":"","_seopress_titles_desc":"","_seopress_robots_index":"","_themeisle_gutenberg_block_has_review":false,"footnotes":""},"categories":[2,20,9,29,321],"tags":[],"class_list":["post-38601","post","type-post","status-publish","format-standard","has-post-thumbnail","hentry","category-actualidad","category-departamentales","category-politica","category-regionales","category-san-cristobal"],"_links":{"self":[{"href":"https:\/\/www.almargenweb.com.ar\/web\/wp-json\/wp\/v2\/posts\/38601","targetHints":{"allow":["GET"]}}],"collection":[{"href":"https:\/\/www.almargenweb.com.ar\/web\/wp-json\/wp\/v2\/posts"}],"about":[{"href":"https:\/\/www.almargenweb.com.ar\/web\/wp-json\/wp\/v2\/types\/post"}],"author":[{"embeddable":true,"href":"https:\/\/www.almargenweb.com.ar\/web\/wp-json\/wp\/v2\/users\/16"}],"replies":[{"embeddable":true,"href":"https:\/\/www.almargenweb.com.ar\/web\/wp-json\/wp\/v2\/comments?post=38601"}],"version-history":[{"count":1,"href":"https:\/\/www.almargenweb.com.ar\/web\/wp-json\/wp\/v2\/posts\/38601\/revisions"}],"predecessor-version":[{"id":38605,"href":"https:\/\/www.almargenweb.com.ar\/web\/wp-json\/wp\/v2\/posts\/38601\/revisions\/38605"}],"wp:featuredmedia":[{"embeddable":true,"href":"https:\/\/www.almargenweb.com.ar\/web\/wp-json\/wp\/v2\/media\/38604"}],"wp:attachment":[{"href":"https:\/\/www.almargenweb.com.ar\/web\/wp-json\/wp\/v2\/media?parent=38601"}],"wp:term":[{"taxonomy":"category","embeddable":true,"href":"https:\/\/www.almargenweb.com.ar\/web\/wp-json\/wp\/v2\/categories?post=38601"},{"taxonomy":"post_tag","embeddable":true,"href":"https:\/\/www.almargenweb.com.ar\/web\/wp-json\/wp\/v2\/tags?post=38601"}],"curies":[{"name":"wp","href":"https:\/\/api.w.org\/{rel}","templated":true}]}}