{"id":38591,"date":"2023-01-02T13:45:44","date_gmt":"2023-01-02T16:45:44","guid":{"rendered":"http:\/\/www.almargenweb.com.ar\/web\/?p=38591"},"modified":"2023-01-02T13:45:45","modified_gmt":"2023-01-02T16:45:45","slug":"acciones-sustentables-lombricario-y-produccion-de-humus-en-el-vivero-comunal-de-franck","status":"publish","type":"post","link":"https:\/\/www.almargenweb.com.ar\/web\/acciones-sustentables-lombricario-y-produccion-de-humus-en-el-vivero-comunal-de-franck\/","title":{"rendered":"Acciones sustentables: lombricario y producci\u00f3n de humus en el vivero comunal de Franck"},"content":{"rendered":"\n<p>El vivero comunal Los Ceibos cont\u00f3 con la visita de los t\u00e9cnicos del Instituto de Agricultura Familiar<br>Campesina e Ind\u00edgena, entre ellos la Sra. Silvia Magdsik Licenciada en Trabajo Social y los m\u00e9dicos<br>veterinarios Eduardo Schierloh y Sebasti\u00e1n Quiroz, para brindar asesoramiento en cuanto a la producci\u00f3nde humus y lombrices californianas.<\/p>\n\n\n\n<p>Los concurrentes del centro de d\u00eda \u201cSenderos\u201d, est\u00e1n participando de actividades pre- laborales en el<br>vivero y tambi\u00e9n en este nuevo proyecto comunal colaborando en las distintas tareas que abarca el<br>mismo.<\/p>\n\n\n\n<p>Siempre con el acompa\u00f1amiento del personal comunal, los visitantes hacen el picado de frutas y verduras, la colocaci\u00f3n de hojas o pasto seco para impedir la entrada de moscas, riego, limpieza y lavado de baldes en los cuales vienen los restos de la verduler\u00eda, entre otras actividades.<\/p>\n\n\n\n<p>Activides sustentables: cabe destacar, que la compostera se comenz\u00f3 a trabajar durante el mes de noviembre con el retiro de verduras y frutas de una verduler\u00eda local durante los d\u00edas de recolecci\u00f3n de residuos h\u00famedos.<\/p>\n<!-- AddThis Advanced Settings generic via filter on the_content --><!-- AddThis Share Buttons generic via filter on the_content -->","protected":false},"excerpt":{"rendered":"<p>El vivero comunal Los Ceibos cont\u00f3 con la visita de los t\u00e9cnicos del Instituto de Agricultura [&hellip;]<!-- AddThis Advanced Settings generic via filter on get_the_excerpt --><!-- AddThis Share Buttons generic via filter on get_the_excerpt --><\/p>\n","protected":false},"author":16,"featured_media":38594,"comment_status":"open","ping_status":"open","sticky":false,"template":"","format":"standard","meta":{"_seopress_robots_primary_cat":"none","_seopress_titles_title":"","_seopress_titles_desc":"","_seopress_robots_index":"","_themeisle_gutenberg_block_has_review":false,"footnotes":""},"categories":[2,164],"tags":[],"class_list":["post-38591","post","type-post","status-publish","format-standard","has-post-thumbnail","hentry","category-actualidad","category-ambiente"],"_links":{"self":[{"href":"https:\/\/www.almargenweb.com.ar\/web\/wp-json\/wp\/v2\/posts\/38591","targetHints":{"allow":["GET"]}}],"collection":[{"href":"https:\/\/www.almargenweb.com.ar\/web\/wp-json\/wp\/v2\/posts"}],"about":[{"href":"https:\/\/www.almargenweb.com.ar\/web\/wp-json\/wp\/v2\/types\/post"}],"author":[{"embeddable":true,"href":"https:\/\/www.almargenweb.com.ar\/web\/wp-json\/wp\/v2\/users\/16"}],"replies":[{"embeddable":true,"href":"https:\/\/www.almargenweb.com.ar\/web\/wp-json\/wp\/v2\/comments?post=38591"}],"version-history":[{"count":1,"href":"https:\/\/www.almargenweb.com.ar\/web\/wp-json\/wp\/v2\/posts\/38591\/revisions"}],"predecessor-version":[{"id":38595,"href":"https:\/\/www.almargenweb.com.ar\/web\/wp-json\/wp\/v2\/posts\/38591\/revisions\/38595"}],"wp:featuredmedia":[{"embeddable":true,"href":"https:\/\/www.almargenweb.com.ar\/web\/wp-json\/wp\/v2\/media\/38594"}],"wp:attachment":[{"href":"https:\/\/www.almargenweb.com.ar\/web\/wp-json\/wp\/v2\/media?parent=38591"}],"wp:term":[{"taxonomy":"category","embeddable":true,"href":"https:\/\/www.almargenweb.com.ar\/web\/wp-json\/wp\/v2\/categories?post=38591"},{"taxonomy":"post_tag","embeddable":true,"href":"https:\/\/www.almargenweb.com.ar\/web\/wp-json\/wp\/v2\/tags?post=38591"}],"curies":[{"name":"wp","href":"https:\/\/api.w.org\/{rel}","templated":true}]}}