{"id":38567,"date":"2022-12-30T10:28:29","date_gmt":"2022-12-30T13:28:29","guid":{"rendered":"http:\/\/www.almargenweb.com.ar\/web\/?p=38567"},"modified":"2022-12-30T10:28:30","modified_gmt":"2022-12-30T13:28:30","slug":"rodrigo-muller-no-vamos-a-dejar-a-los-vecinos-sin-pavimento","status":"publish","type":"post","link":"https:\/\/www.almargenweb.com.ar\/web\/rodrigo-muller-no-vamos-a-dejar-a-los-vecinos-sin-pavimento\/","title":{"rendered":"Rodrigo M\u00fcller: \u201cNo vamos a dejar a los vecinos sin pavimento\u201d"},"content":{"rendered":"\n<p>El concejal radical, Rodrigo M\u00fcller, e integrante de Juntos por el Cambio se refiri\u00f3 al veto del Plan de Pavimento realizado por el Poder Ejecutivo municipal y consider\u00f3 que \u201clo ideal hubiese sido generar una instancia de di\u00e1logo antes que realicen el veto pero creo que con esta decisi\u00f3n el ejecutivo oculta una doble intenci\u00f3n que es la de no querer hacer el plan\u201d.<\/p>\n\n\n\n<p>En \u00e9se sentido, el edil reafirm\u00f3 su compromiso de seguir trabajando en el Concejo junto al interbloque de concejales \u201cpara no dejar a los vecinos sin pavimento\u201d y que, si no se logra, \u201cser\u00e1 una de mis prioridades si me toca asumir la intendencia de la ciudad\u201d.<\/p>\n\n\n\n<p>Espec\u00edficamente sobre el veto, M\u00fcller consider\u00f3 que \u201ccarec\u00eda de fundamentos ya que solo menciona dos art\u00edculos y, por consecuencia, se deja entrever que los fundamentos t\u00e9cnicos, entre los que se encuentran el cambio de articulado a hormig\u00f3n, la ampliaci\u00f3n de la cantidad de cuotas a 72 meses, el cambio del contenido de la notificaci\u00f3n al particular sobre los costos de la obra, los anexos de desag\u00fces, la forma de asegurar la realizaci\u00f3n del canal Hohenfels como forma previa a cobrarle a los vecinos del barrio Oeste, son correctos\u201d.<\/p>\n\n\n\n<p>Por otro lado, el referente radical compar\u00f3 el accionar del ejecutivo municipal con el nacional: \u201cSi desconoce la ordenanza sancionada, ser\u00eda un atropello tanto al Concejo Municipal, como a los vecinos que esperan el pavimento, y no difiere en nada con la actitud del Presidente, Alberto Fern\u00e1ndez, desconociendo un fallo de la Corte Suprema\u201d.<\/p>\n\n\n\n<p>Del mismo modo, M\u00fcller dijo que \u201cesta actitud no es contra del Concejo sino que perjudica directamente a los vecinos, lo cual es una manera propia del kirchnerismo de entender el poder\u201d.<\/p>\n\n\n\n<p>Finalmente, el concejal mencion\u00f3 que \u201clos vecinos est\u00e1n cansados de este accionar del municipio y Esperanza necesita un cambio que estoy seguro que estoy en condiciones de realizar, si asumo la intendencia, para volver a ser una ciudad con orden, trabajo y progreso para todos\u201d.<\/p>\n<!-- AddThis Advanced Settings generic via filter on the_content --><!-- AddThis Share Buttons generic via filter on the_content -->","protected":false},"excerpt":{"rendered":"<p>El concejal radical, Rodrigo M\u00fcller, e integrante de Juntos por el Cambio se refiri\u00f3 al veto [&hellip;]<!-- AddThis Advanced Settings generic via filter on get_the_excerpt --><!-- AddThis Share Buttons generic via filter on get_the_excerpt --><\/p>\n","protected":false},"author":16,"featured_media":38570,"comment_status":"open","ping_status":"open","sticky":false,"template":"","format":"standard","meta":{"_seopress_robots_primary_cat":"none","_seopress_titles_title":"","_seopress_titles_desc":"","_seopress_robots_index":"","_themeisle_gutenberg_block_has_review":false,"footnotes":""},"categories":[2,21,47],"tags":[],"class_list":["post-38567","post","type-post","status-publish","format-standard","has-post-thumbnail","hentry","category-actualidad","category-las-colonias","category-locales"],"_links":{"self":[{"href":"https:\/\/www.almargenweb.com.ar\/web\/wp-json\/wp\/v2\/posts\/38567","targetHints":{"allow":["GET"]}}],"collection":[{"href":"https:\/\/www.almargenweb.com.ar\/web\/wp-json\/wp\/v2\/posts"}],"about":[{"href":"https:\/\/www.almargenweb.com.ar\/web\/wp-json\/wp\/v2\/types\/post"}],"author":[{"embeddable":true,"href":"https:\/\/www.almargenweb.com.ar\/web\/wp-json\/wp\/v2\/users\/16"}],"replies":[{"embeddable":true,"href":"https:\/\/www.almargenweb.com.ar\/web\/wp-json\/wp\/v2\/comments?post=38567"}],"version-history":[{"count":1,"href":"https:\/\/www.almargenweb.com.ar\/web\/wp-json\/wp\/v2\/posts\/38567\/revisions"}],"predecessor-version":[{"id":38571,"href":"https:\/\/www.almargenweb.com.ar\/web\/wp-json\/wp\/v2\/posts\/38567\/revisions\/38571"}],"wp:featuredmedia":[{"embeddable":true,"href":"https:\/\/www.almargenweb.com.ar\/web\/wp-json\/wp\/v2\/media\/38570"}],"wp:attachment":[{"href":"https:\/\/www.almargenweb.com.ar\/web\/wp-json\/wp\/v2\/media?parent=38567"}],"wp:term":[{"taxonomy":"category","embeddable":true,"href":"https:\/\/www.almargenweb.com.ar\/web\/wp-json\/wp\/v2\/categories?post=38567"},{"taxonomy":"post_tag","embeddable":true,"href":"https:\/\/www.almargenweb.com.ar\/web\/wp-json\/wp\/v2\/tags?post=38567"}],"curies":[{"name":"wp","href":"https:\/\/api.w.org\/{rel}","templated":true}]}}