{"id":38562,"date":"2022-12-30T10:15:07","date_gmt":"2022-12-30T13:15:07","guid":{"rendered":"http:\/\/www.almargenweb.com.ar\/web\/?p=38562"},"modified":"2022-12-30T10:15:08","modified_gmt":"2022-12-30T13:15:08","slug":"arranque-del-nuevo-ano-se-esperan-temperaturas-maximas-de-36o-y-lluvia-para-el-domingo","status":"publish","type":"post","link":"https:\/\/www.almargenweb.com.ar\/web\/arranque-del-nuevo-ano-se-esperan-temperaturas-maximas-de-36o-y-lluvia-para-el-domingo\/","title":{"rendered":"Arranque del nuevo a\u00f1o: se esperan temperaturas m\u00e1ximas de 36\u00ba y lluvia para el domingo."},"content":{"rendered":"\n<p>El tema de conversaci\u00f3n de todas las familias: \u00bfla mesa adentro o la mesa afuera?. Veamos cuales son las condiciones meteorol\u00f3gicas para ese d\u00eda seg\u00fan el informe del SMN. Por lo pronto para este viernes 30 de diciembre se espera que sea el d\u00eda m\u00e1s caluroso del fin de semana.<\/p>\n\n\n\n<p>Para ma\u00f1ana s\u00e1bado, \u00faltimo d\u00eda del a\u00f1o, todo indica que no hay pron\u00f3stico de lluvias porque se prev\u00e9 una jornada muy calurosa y h\u00fameda con temperaturas m\u00ednima y m\u00e1ximas en el orden de los 20 y 36 grados.<\/p>\n\n\n\n<p>Pero el primer d\u00eda del a\u00f1o es muy posible que sea con lluvias abundantes y tormentas en estos sectores, que en algunos casos ayudar\u00e1 a cortar con el d\u00e9ficit h\u00eddrico que afecta la zona norte de la provincia desde hace varios meses.<\/p>\n<!-- AddThis Advanced Settings generic via filter on the_content --><!-- AddThis Share Buttons generic via filter on the_content -->","protected":false},"excerpt":{"rendered":"<p>El tema de conversaci\u00f3n de todas las familias: \u00bfla mesa adentro o la mesa afuera?. Veamos [&hellip;]<!-- AddThis Advanced Settings generic via filter on get_the_excerpt --><!-- AddThis Share Buttons generic via filter on get_the_excerpt --><\/p>\n","protected":false},"author":16,"featured_media":38565,"comment_status":"open","ping_status":"open","sticky":false,"template":"","format":"standard","meta":{"_seopress_robots_primary_cat":"none","_seopress_titles_title":"","_seopress_titles_desc":"","_seopress_robots_index":"","_themeisle_gutenberg_block_has_review":false,"footnotes":""},"categories":[2,164],"tags":[],"class_list":["post-38562","post","type-post","status-publish","format-standard","has-post-thumbnail","hentry","category-actualidad","category-ambiente"],"_links":{"self":[{"href":"https:\/\/www.almargenweb.com.ar\/web\/wp-json\/wp\/v2\/posts\/38562","targetHints":{"allow":["GET"]}}],"collection":[{"href":"https:\/\/www.almargenweb.com.ar\/web\/wp-json\/wp\/v2\/posts"}],"about":[{"href":"https:\/\/www.almargenweb.com.ar\/web\/wp-json\/wp\/v2\/types\/post"}],"author":[{"embeddable":true,"href":"https:\/\/www.almargenweb.com.ar\/web\/wp-json\/wp\/v2\/users\/16"}],"replies":[{"embeddable":true,"href":"https:\/\/www.almargenweb.com.ar\/web\/wp-json\/wp\/v2\/comments?post=38562"}],"version-history":[{"count":1,"href":"https:\/\/www.almargenweb.com.ar\/web\/wp-json\/wp\/v2\/posts\/38562\/revisions"}],"predecessor-version":[{"id":38566,"href":"https:\/\/www.almargenweb.com.ar\/web\/wp-json\/wp\/v2\/posts\/38562\/revisions\/38566"}],"wp:featuredmedia":[{"embeddable":true,"href":"https:\/\/www.almargenweb.com.ar\/web\/wp-json\/wp\/v2\/media\/38565"}],"wp:attachment":[{"href":"https:\/\/www.almargenweb.com.ar\/web\/wp-json\/wp\/v2\/media?parent=38562"}],"wp:term":[{"taxonomy":"category","embeddable":true,"href":"https:\/\/www.almargenweb.com.ar\/web\/wp-json\/wp\/v2\/categories?post=38562"},{"taxonomy":"post_tag","embeddable":true,"href":"https:\/\/www.almargenweb.com.ar\/web\/wp-json\/wp\/v2\/tags?post=38562"}],"curies":[{"name":"wp","href":"https:\/\/api.w.org\/{rel}","templated":true}]}}