{"id":38543,"date":"2022-12-28T13:39:55","date_gmt":"2022-12-28T16:39:55","guid":{"rendered":"http:\/\/www.almargenweb.com.ar\/web\/?p=38543"},"modified":"2022-12-28T13:39:56","modified_gmt":"2022-12-28T16:39:56","slug":"vacaciones-de-verano-sugieren-el-uso-de-barbijos-en-micros-de-media-y-larga-distancia","status":"publish","type":"post","link":"https:\/\/www.almargenweb.com.ar\/web\/vacaciones-de-verano-sugieren-el-uso-de-barbijos-en-micros-de-media-y-larga-distancia\/","title":{"rendered":"Vacaciones de verano: sugieren el uso de barbijos en micros de media y larga distancia"},"content":{"rendered":"\n<p>Ante el aumento de casos de Covid-19 en Santa Fe; seg\u00fan las estad\u00edsticas oficiales hay 4907 personas contagiadas en los \u00faltimos d\u00edas, desde la Comisi\u00f3n Nacional de Regulaci\u00f3n del Transporte dicen que no es obligatorio todav\u00eda, pero piden reforzar las medidas de cuidados personales.<\/p>\n\n\n\n<p>Ante esa situaci\u00f3n y de frente al inicio de la temporada de vacaciones de verano, desde la delegaci\u00f3n Rosario de la Comisi\u00f3n Nacional Reguladora del Transporte (CNRT) recomiendan el uso de barbijo o tapaboca en los \u00f3mnibus de media y larga distancia.<\/p>\n\n\n\n<p><\/p>\n<!-- AddThis Advanced Settings generic via filter on the_content --><!-- AddThis Share Buttons generic via filter on the_content -->","protected":false},"excerpt":{"rendered":"<p>Ante el aumento de casos de Covid-19 en Santa Fe; seg\u00fan las estad\u00edsticas oficiales hay 4907 [&hellip;]<!-- AddThis Advanced Settings generic via filter on get_the_excerpt --><!-- AddThis Share Buttons generic via filter on get_the_excerpt --><\/p>\n","protected":false},"author":16,"featured_media":38546,"comment_status":"open","ping_status":"open","sticky":false,"template":"","format":"standard","meta":{"_seopress_robots_primary_cat":"none","_seopress_titles_title":"","_seopress_titles_desc":"","_seopress_robots_index":"","_themeisle_gutenberg_block_has_review":false,"footnotes":""},"categories":[2,15],"tags":[],"class_list":["post-38543","post","type-post","status-publish","format-standard","has-post-thumbnail","hentry","category-actualidad","category-salud"],"_links":{"self":[{"href":"https:\/\/www.almargenweb.com.ar\/web\/wp-json\/wp\/v2\/posts\/38543","targetHints":{"allow":["GET"]}}],"collection":[{"href":"https:\/\/www.almargenweb.com.ar\/web\/wp-json\/wp\/v2\/posts"}],"about":[{"href":"https:\/\/www.almargenweb.com.ar\/web\/wp-json\/wp\/v2\/types\/post"}],"author":[{"embeddable":true,"href":"https:\/\/www.almargenweb.com.ar\/web\/wp-json\/wp\/v2\/users\/16"}],"replies":[{"embeddable":true,"href":"https:\/\/www.almargenweb.com.ar\/web\/wp-json\/wp\/v2\/comments?post=38543"}],"version-history":[{"count":1,"href":"https:\/\/www.almargenweb.com.ar\/web\/wp-json\/wp\/v2\/posts\/38543\/revisions"}],"predecessor-version":[{"id":38547,"href":"https:\/\/www.almargenweb.com.ar\/web\/wp-json\/wp\/v2\/posts\/38543\/revisions\/38547"}],"wp:featuredmedia":[{"embeddable":true,"href":"https:\/\/www.almargenweb.com.ar\/web\/wp-json\/wp\/v2\/media\/38546"}],"wp:attachment":[{"href":"https:\/\/www.almargenweb.com.ar\/web\/wp-json\/wp\/v2\/media?parent=38543"}],"wp:term":[{"taxonomy":"category","embeddable":true,"href":"https:\/\/www.almargenweb.com.ar\/web\/wp-json\/wp\/v2\/categories?post=38543"},{"taxonomy":"post_tag","embeddable":true,"href":"https:\/\/www.almargenweb.com.ar\/web\/wp-json\/wp\/v2\/tags?post=38543"}],"curies":[{"name":"wp","href":"https:\/\/api.w.org\/{rel}","templated":true}]}}