{"id":38496,"date":"2022-12-22T09:42:25","date_gmt":"2022-12-22T12:42:25","guid":{"rendered":"http:\/\/www.almargenweb.com.ar\/web\/?p=38496"},"modified":"2022-12-22T09:42:26","modified_gmt":"2022-12-22T12:42:26","slug":"cuando-sale-a-la-venta-la-nueva-camiseta-argentina-con-las-tres-estrellas","status":"publish","type":"post","link":"https:\/\/www.almargenweb.com.ar\/web\/cuando-sale-a-la-venta-la-nueva-camiseta-argentina-con-las-tres-estrellas\/","title":{"rendered":"Cu\u00e1ndo sale a la venta la nueva camiseta argentina con las tres estrellas"},"content":{"rendered":"\n<p>La camiseta oficial de la AFA se actualizar\u00e1 con una nueva estrella en su escudo y son miles los hinchas que la quieren en el arbolito de Navidad.<\/p>\n\n\n\n<p>Seg\u00fan inform\u00f3 TN, la versi\u00f3n tradicional y el modelo alternativo que fue utilizado en este Mundial, estar\u00e1 disponible para la venta a partir del pr\u00f3ximo lunes 26 de diciembre en la p\u00e1gina web de Adidas, en sus locales oficiales y en los comercios autorizados a vender productos de la marca deportiva.<\/p>\n\n\n\n<p>Adem\u00e1s de la tercera estrella, la camiseta va a tener un escudo dorado de la FIFA en medio del pecho que suelen tener las selecciones campeonas del mundo durante los pr\u00f3ximos cuatro a\u00f1os, como tuvo Francia despu\u00e9s de la victoria en Rusia 2018.<\/p>\n<!-- AddThis Advanced Settings generic via filter on the_content --><!-- AddThis Share Buttons generic via filter on the_content -->","protected":false},"excerpt":{"rendered":"<p>La camiseta oficial de la AFA se actualizar\u00e1 con una nueva estrella en su escudo y [&hellip;]<!-- AddThis Advanced Settings generic via filter on get_the_excerpt --><!-- AddThis Share Buttons generic via filter on get_the_excerpt --><\/p>\n","protected":false},"author":16,"featured_media":38499,"comment_status":"open","ping_status":"open","sticky":false,"template":"","format":"standard","meta":{"_seopress_robots_primary_cat":"none","_seopress_titles_title":"","_seopress_titles_desc":"","_seopress_robots_index":"","_themeisle_gutenberg_block_has_review":false,"footnotes":""},"categories":[2,164],"tags":[],"class_list":["post-38496","post","type-post","status-publish","format-standard","has-post-thumbnail","hentry","category-actualidad","category-ambiente"],"_links":{"self":[{"href":"https:\/\/www.almargenweb.com.ar\/web\/wp-json\/wp\/v2\/posts\/38496","targetHints":{"allow":["GET"]}}],"collection":[{"href":"https:\/\/www.almargenweb.com.ar\/web\/wp-json\/wp\/v2\/posts"}],"about":[{"href":"https:\/\/www.almargenweb.com.ar\/web\/wp-json\/wp\/v2\/types\/post"}],"author":[{"embeddable":true,"href":"https:\/\/www.almargenweb.com.ar\/web\/wp-json\/wp\/v2\/users\/16"}],"replies":[{"embeddable":true,"href":"https:\/\/www.almargenweb.com.ar\/web\/wp-json\/wp\/v2\/comments?post=38496"}],"version-history":[{"count":1,"href":"https:\/\/www.almargenweb.com.ar\/web\/wp-json\/wp\/v2\/posts\/38496\/revisions"}],"predecessor-version":[{"id":38500,"href":"https:\/\/www.almargenweb.com.ar\/web\/wp-json\/wp\/v2\/posts\/38496\/revisions\/38500"}],"wp:featuredmedia":[{"embeddable":true,"href":"https:\/\/www.almargenweb.com.ar\/web\/wp-json\/wp\/v2\/media\/38499"}],"wp:attachment":[{"href":"https:\/\/www.almargenweb.com.ar\/web\/wp-json\/wp\/v2\/media?parent=38496"}],"wp:term":[{"taxonomy":"category","embeddable":true,"href":"https:\/\/www.almargenweb.com.ar\/web\/wp-json\/wp\/v2\/categories?post=38496"},{"taxonomy":"post_tag","embeddable":true,"href":"https:\/\/www.almargenweb.com.ar\/web\/wp-json\/wp\/v2\/tags?post=38496"}],"curies":[{"name":"wp","href":"https:\/\/api.w.org\/{rel}","templated":true}]}}