{"id":38485,"date":"2022-12-17T15:06:47","date_gmt":"2022-12-17T18:06:47","guid":{"rendered":"http:\/\/www.almargenweb.com.ar\/web\/?p=38485"},"modified":"2022-12-17T15:06:48","modified_gmt":"2022-12-17T18:06:48","slug":"muller-sobre-el-carnet-de-manipulacion-de-alimentos-gratuito-el-beneficio-seguira-durante-el-2023","status":"publish","type":"post","link":"https:\/\/www.almargenweb.com.ar\/web\/muller-sobre-el-carnet-de-manipulacion-de-alimentos-gratuito-el-beneficio-seguira-durante-el-2023\/","title":{"rendered":"M\u00fcller sobre el carnet de Manipulaci\u00f3n de Alimentos gratuito: el Beneficio seguir\u00e1 durante el 2023"},"content":{"rendered":"\n<p>El concejal Rodrigo M\u00fcller se refiri\u00f3 a la continuaci\u00f3n del beneficio proyecto de su autor\u00eda, incluido en la tributaria 2023, que posibilitar\u00e1 que los ciudadanos esperancinos sigan accediendo al Carnet Municipal de Manipulaci\u00f3n de Alimentos de manera gratuita durante el a\u00f1o 2023.<\/p>\n\n\n\n<p>Al respecto, M\u00fcller destac\u00f3 que \u201cgarantizar el acceso gratuito al carnet es una forma de incentivar a los microemprendimientos y de contribuir a la seguridad alimentaria de la ciudad\u201d.<\/p>\n\n\n\n<p>El Carnet de Manipulaci\u00f3n de Alimentos es la documentaci\u00f3n establecida como obligatoria por el C\u00f3digo Alimentario Argentino (CAA) que habilita a las personas a desarrollar tareas de manipulaci\u00f3n de alimentos.<\/p>\n\n\n\n<p>En este sentido, el concejal destac\u00f3 que \u201cel papel del manipulador de alimentos es crucial para evitar los riesgos derivados de la contaminaci\u00f3n de los alimentos. El concepto clave que se debe tener en mente en todo momento es la prevenci\u00f3n de la contaminaci\u00f3n\u201d.<\/p>\n\n\n\n<figure class=\"wp-block-image size-large\"><img loading=\"lazy\" decoding=\"async\" width=\"1024\" height=\"684\" src=\"https:\/\/www.almargenweb.com.ar\/web\/wp-content\/uploads\/2022\/12\/WhatsApp-Image-2022-08-21-at-7.53.29-PM-1-1024x684.jpeg\" alt=\"\" class=\"wp-image-38488\" srcset=\"https:\/\/www.almargenweb.com.ar\/web\/wp-content\/uploads\/2022\/12\/WhatsApp-Image-2022-08-21-at-7.53.29-PM-1-1024x684.jpeg 1024w, https:\/\/www.almargenweb.com.ar\/web\/wp-content\/uploads\/2022\/12\/WhatsApp-Image-2022-08-21-at-7.53.29-PM-1-300x200.jpeg 300w, https:\/\/www.almargenweb.com.ar\/web\/wp-content\/uploads\/2022\/12\/WhatsApp-Image-2022-08-21-at-7.53.29-PM-1-768x513.jpeg 768w, https:\/\/www.almargenweb.com.ar\/web\/wp-content\/uploads\/2022\/12\/WhatsApp-Image-2022-08-21-at-7.53.29-PM-1.jpeg 1200w\" sizes=\"auto, (max-width: 1024px) 100vw, 1024px\" \/><figcaption class=\"wp-element-caption\">\u201cEs un incentivo a los microemprendedores y una mejora de la seguridad alimentaria\u201d dijo el referente radical.<\/figcaption><\/figure>\n\n\n\n<p>El manipulador de alimentos es aquella persona que durante su actividad laboral tiene un contacto directo con los alimentos en cualquier punto de la cadena alimentaria, desempe\u00f1ando un papel fundamental a la hora de garantizar la total seguridad y el buen estado de los alimentos.<\/p>\n\n\n\n<p>\u201cSon muchos los requisitos que debe cumplir un manipulador de alimentos para realizar su trabajo correctamente y garantizar la salud de los consumidores, pero de entre todos destaca la importancia de recibir una correcta formaci\u00f3n en la manipulaci\u00f3n de alimentos y la seguridad alimentaria. La gratuidad para la obtenci\u00f3n del carnet ya demostr\u00f3 que permite que m\u00e1s gente se sume a los cursos y obtenga la formaci\u00f3n, que es lo importante\u201d, agreg\u00f3 M\u00fcller.<\/p>\n\n\n\n<p>Por \u00faltimo, el concejal radical agradeci\u00f3 \u201cel apoyo de los concejales de Juntos Por el Cambio por haber acompa\u00f1ado la continuaci\u00f3n del beneficio\u201d.<\/p>\n<!-- AddThis Advanced Settings generic via filter on the_content --><!-- AddThis Share Buttons generic via filter on the_content -->","protected":false},"excerpt":{"rendered":"<p>El concejal Rodrigo M\u00fcller se refiri\u00f3 a la continuaci\u00f3n del beneficio proyecto de su autor\u00eda, incluido [&hellip;]<!-- AddThis Advanced Settings generic via filter on get_the_excerpt --><!-- AddThis Share Buttons generic via filter on get_the_excerpt --><\/p>\n","protected":false},"author":16,"featured_media":38489,"comment_status":"open","ping_status":"open","sticky":false,"template":"","format":"standard","meta":{"_seopress_robots_primary_cat":"none","_seopress_titles_title":"","_seopress_titles_desc":"","_seopress_robots_index":"","_themeisle_gutenberg_block_has_review":false,"footnotes":""},"categories":[2,21,47],"tags":[],"class_list":["post-38485","post","type-post","status-publish","format-standard","has-post-thumbnail","hentry","category-actualidad","category-las-colonias","category-locales"],"_links":{"self":[{"href":"https:\/\/www.almargenweb.com.ar\/web\/wp-json\/wp\/v2\/posts\/38485","targetHints":{"allow":["GET"]}}],"collection":[{"href":"https:\/\/www.almargenweb.com.ar\/web\/wp-json\/wp\/v2\/posts"}],"about":[{"href":"https:\/\/www.almargenweb.com.ar\/web\/wp-json\/wp\/v2\/types\/post"}],"author":[{"embeddable":true,"href":"https:\/\/www.almargenweb.com.ar\/web\/wp-json\/wp\/v2\/users\/16"}],"replies":[{"embeddable":true,"href":"https:\/\/www.almargenweb.com.ar\/web\/wp-json\/wp\/v2\/comments?post=38485"}],"version-history":[{"count":1,"href":"https:\/\/www.almargenweb.com.ar\/web\/wp-json\/wp\/v2\/posts\/38485\/revisions"}],"predecessor-version":[{"id":38490,"href":"https:\/\/www.almargenweb.com.ar\/web\/wp-json\/wp\/v2\/posts\/38485\/revisions\/38490"}],"wp:featuredmedia":[{"embeddable":true,"href":"https:\/\/www.almargenweb.com.ar\/web\/wp-json\/wp\/v2\/media\/38489"}],"wp:attachment":[{"href":"https:\/\/www.almargenweb.com.ar\/web\/wp-json\/wp\/v2\/media?parent=38485"}],"wp:term":[{"taxonomy":"category","embeddable":true,"href":"https:\/\/www.almargenweb.com.ar\/web\/wp-json\/wp\/v2\/categories?post=38485"},{"taxonomy":"post_tag","embeddable":true,"href":"https:\/\/www.almargenweb.com.ar\/web\/wp-json\/wp\/v2\/tags?post=38485"}],"curies":[{"name":"wp","href":"https:\/\/api.w.org\/{rel}","templated":true}]}}