{"id":38470,"date":"2022-12-13T13:11:59","date_gmt":"2022-12-13T16:11:59","guid":{"rendered":"http:\/\/www.almargenweb.com.ar\/web\/?p=38470"},"modified":"2022-12-13T13:12:00","modified_gmt":"2022-12-13T16:12:00","slug":"la-defensoria-del-pueblo-reclama-a-la-epe-que-bonifique-a-los-usuarios-que-sufrieron-cortes","status":"publish","type":"post","link":"https:\/\/www.almargenweb.com.ar\/web\/la-defensoria-del-pueblo-reclama-a-la-epe-que-bonifique-a-los-usuarios-que-sufrieron-cortes\/","title":{"rendered":"La Defensor\u00eda del Pueblo reclama a la EPE que bonifique a los usuarios que sufrieron cortes"},"content":{"rendered":"\n<p>Las estad\u00edsticas del organismo se\u00f1alan que hasta el lunes unos 1.500 usuarios continuaban sin servicio en la zona Metropolitana del Gran Santa Fe.<\/p>\n\n\n\n<p>La resoluci\u00f3n de la Defensor\u00eda del Pueblo establece que si el usuario sufri\u00f3 un corte de energ\u00eda por m\u00e1s de ocho horas corrida o tres veces por tres horas, la EPE debe compensar el doble de kilowatt en relaci\u00f3n con el consumo actual.<\/p>\n\n\n\n<p>&#8220;La EPE tiene que resarcir a determinados usuarios por los cortes de energ\u00eda. Desde la Defensor\u00eda del Pueblo hemos hecho este planteo y motiv\u00f3 una resoluci\u00f3n. Hay que fortalecer los marcos que tienen que defender a los usuarios y hay que trabajar constantemente para que estas cosas no vuelvan a suceder&#8221;, explic\u00f3 el Defensor en di\u00e1logo con  el portal de noticias Aire.<\/p>\n\n\n\n<p><\/p>\n<!-- AddThis Advanced Settings generic via filter on the_content --><!-- AddThis Share Buttons generic via filter on the_content -->","protected":false},"excerpt":{"rendered":"<p>Las estad\u00edsticas del organismo se\u00f1alan que hasta el lunes unos 1.500 usuarios continuaban sin servicio en [&hellip;]<!-- AddThis Advanced Settings generic via filter on get_the_excerpt --><!-- AddThis Share Buttons generic via filter on get_the_excerpt --><\/p>\n","protected":false},"author":16,"featured_media":38473,"comment_status":"open","ping_status":"open","sticky":false,"template":"","format":"standard","meta":{"_seopress_robots_primary_cat":"none","_seopress_titles_title":"","_seopress_titles_desc":"","_seopress_robots_index":"","_themeisle_gutenberg_block_has_review":false,"footnotes":""},"categories":[2],"tags":[],"class_list":["post-38470","post","type-post","status-publish","format-standard","has-post-thumbnail","hentry","category-actualidad"],"_links":{"self":[{"href":"https:\/\/www.almargenweb.com.ar\/web\/wp-json\/wp\/v2\/posts\/38470","targetHints":{"allow":["GET"]}}],"collection":[{"href":"https:\/\/www.almargenweb.com.ar\/web\/wp-json\/wp\/v2\/posts"}],"about":[{"href":"https:\/\/www.almargenweb.com.ar\/web\/wp-json\/wp\/v2\/types\/post"}],"author":[{"embeddable":true,"href":"https:\/\/www.almargenweb.com.ar\/web\/wp-json\/wp\/v2\/users\/16"}],"replies":[{"embeddable":true,"href":"https:\/\/www.almargenweb.com.ar\/web\/wp-json\/wp\/v2\/comments?post=38470"}],"version-history":[{"count":1,"href":"https:\/\/www.almargenweb.com.ar\/web\/wp-json\/wp\/v2\/posts\/38470\/revisions"}],"predecessor-version":[{"id":38474,"href":"https:\/\/www.almargenweb.com.ar\/web\/wp-json\/wp\/v2\/posts\/38470\/revisions\/38474"}],"wp:featuredmedia":[{"embeddable":true,"href":"https:\/\/www.almargenweb.com.ar\/web\/wp-json\/wp\/v2\/media\/38473"}],"wp:attachment":[{"href":"https:\/\/www.almargenweb.com.ar\/web\/wp-json\/wp\/v2\/media?parent=38470"}],"wp:term":[{"taxonomy":"category","embeddable":true,"href":"https:\/\/www.almargenweb.com.ar\/web\/wp-json\/wp\/v2\/categories?post=38470"},{"taxonomy":"post_tag","embeddable":true,"href":"https:\/\/www.almargenweb.com.ar\/web\/wp-json\/wp\/v2\/tags?post=38470"}],"curies":[{"name":"wp","href":"https:\/\/api.w.org\/{rel}","templated":true}]}}