{"id":38465,"date":"2022-12-13T12:56:18","date_gmt":"2022-12-13T15:56:18","guid":{"rendered":"http:\/\/www.almargenweb.com.ar\/web\/?p=38465"},"modified":"2022-12-13T12:56:19","modified_gmt":"2022-12-13T15:56:19","slug":"tres-provincias-restablecieron-el-uso-obligatorio-del-barbijo-aunque-la-situacion-epidemiologica-es-similar-a-la-de-todo-el-pais","status":"publish","type":"post","link":"https:\/\/www.almargenweb.com.ar\/web\/tres-provincias-restablecieron-el-uso-obligatorio-del-barbijo-aunque-la-situacion-epidemiologica-es-similar-a-la-de-todo-el-pais\/","title":{"rendered":"Tres provincias restablecieron el uso obligatorio del barbijo aunque la situaci\u00f3n epidemiol\u00f3gica es similar a la de todo el pa\u00eds"},"content":{"rendered":"\n<p>La mascarilla volver\u00e1 a utilizarse en Tucum\u00e1n, SantiagodelEstero y Jujuy. La decisi\u00f3n se tom\u00f3 luego del rebrote de Covid-19 registrado en las \u00faltimas semanas, donde los casos se duplicaron y pasaron de 12.609 a 27.119.<\/p>\n\n\n\n<p>La medida deber\u00e1 aplicarse en el personal de salud y los pacientes que visiten centros de atenci\u00f3n p\u00fablicos y privados.<\/p>\n\n\n\n<p>Seg\u00fan destacaron desde el Ministerio de Salud, la indicaci\u00f3n de testearse corresponde s\u00f3lo para aquellas mayores de 50 a\u00f1os, con condiciones de riesgo o personal que trabaja con personas vulnerables.<\/p>\n\n\n\n<p>Si los s\u00edntomas son leves no hace falta testearse pero s\u00ed tomar precauciones que son las mismas para todas las enfermedades respiratorias: no acudir a actividades laborales, durante cinco d\u00edas al menos, o hasta 24 horas despu\u00e9s de que desaparezcan s\u00edntomas.<\/p>\n\n\n\n<p>Se recomienda extremar cuidados durante 10 d\u00edas, es decir usar de forma adecuada y permanente el barbijo, ventilaci\u00f3n adecuada de ambientes, lavado de manos e higiene respiratoria, etc.<\/p>\n\n\n\n<p>En este contexto, el Ministerio de Salud de la Naci\u00f3n, volvi\u00f3 a recomendar el uso de barbijos, &#8220;sobre todo para personas de riesgo&#8221; y especialmente en espacios con poca ventilaci\u00f3n, pero insisti\u00f3 en que no habr\u00e1 nuevas restricciones ya que no existe riesgo de desborde en el sistema sanitario.<\/p>\n<!-- AddThis Advanced Settings generic via filter on the_content --><!-- AddThis Share Buttons generic via filter on the_content -->","protected":false},"excerpt":{"rendered":"<p>La mascarilla volver\u00e1 a utilizarse en Tucum\u00e1n, SantiagodelEstero y Jujuy. La decisi\u00f3n se tom\u00f3 luego del [&hellip;]<!-- AddThis Advanced Settings generic via filter on get_the_excerpt --><!-- AddThis Share Buttons generic via filter on get_the_excerpt --><\/p>\n","protected":false},"author":16,"featured_media":38468,"comment_status":"open","ping_status":"open","sticky":false,"template":"","format":"standard","meta":{"_seopress_robots_primary_cat":"none","_seopress_titles_title":"","_seopress_titles_desc":"","_seopress_robots_index":"","_themeisle_gutenberg_block_has_review":false,"footnotes":""},"categories":[2,15],"tags":[],"class_list":["post-38465","post","type-post","status-publish","format-standard","has-post-thumbnail","hentry","category-actualidad","category-salud"],"_links":{"self":[{"href":"https:\/\/www.almargenweb.com.ar\/web\/wp-json\/wp\/v2\/posts\/38465","targetHints":{"allow":["GET"]}}],"collection":[{"href":"https:\/\/www.almargenweb.com.ar\/web\/wp-json\/wp\/v2\/posts"}],"about":[{"href":"https:\/\/www.almargenweb.com.ar\/web\/wp-json\/wp\/v2\/types\/post"}],"author":[{"embeddable":true,"href":"https:\/\/www.almargenweb.com.ar\/web\/wp-json\/wp\/v2\/users\/16"}],"replies":[{"embeddable":true,"href":"https:\/\/www.almargenweb.com.ar\/web\/wp-json\/wp\/v2\/comments?post=38465"}],"version-history":[{"count":1,"href":"https:\/\/www.almargenweb.com.ar\/web\/wp-json\/wp\/v2\/posts\/38465\/revisions"}],"predecessor-version":[{"id":38469,"href":"https:\/\/www.almargenweb.com.ar\/web\/wp-json\/wp\/v2\/posts\/38465\/revisions\/38469"}],"wp:featuredmedia":[{"embeddable":true,"href":"https:\/\/www.almargenweb.com.ar\/web\/wp-json\/wp\/v2\/media\/38468"}],"wp:attachment":[{"href":"https:\/\/www.almargenweb.com.ar\/web\/wp-json\/wp\/v2\/media?parent=38465"}],"wp:term":[{"taxonomy":"category","embeddable":true,"href":"https:\/\/www.almargenweb.com.ar\/web\/wp-json\/wp\/v2\/categories?post=38465"},{"taxonomy":"post_tag","embeddable":true,"href":"https:\/\/www.almargenweb.com.ar\/web\/wp-json\/wp\/v2\/tags?post=38465"}],"curies":[{"name":"wp","href":"https:\/\/api.w.org\/{rel}","templated":true}]}}