{"id":38426,"date":"2022-12-07T12:44:03","date_gmt":"2022-12-07T15:44:03","guid":{"rendered":"http:\/\/www.almargenweb.com.ar\/web\/?p=38426"},"modified":"2022-12-07T12:44:04","modified_gmt":"2022-12-07T15:44:04","slug":"caminos-rurales-culmina-la-primera-etapa-de-obras-entre-humboldt-y-colonia-rivadavia","status":"publish","type":"post","link":"https:\/\/www.almargenweb.com.ar\/web\/caminos-rurales-culmina-la-primera-etapa-de-obras-entre-humboldt-y-colonia-rivadavia\/","title":{"rendered":"Caminos Rurales: culmina la primera etapa de obras entre Humboldt y Colonia Rivadavia"},"content":{"rendered":"\n<p>Actualmente se trabaja en un nuevo ripiado en una extensi\u00f3n de 1.600 metros, en la traza que conecta con el recientemente concluido en el camino interdistrital entre Humboldt y Colonia Rivadavia. Adem\u00e1s avanza el ensanche del tercer carril de sobrepaso de Colonia Nueva al oeste de la Ruta N\u00b0 70.<\/p>\n\n\n\n<p>Tras concluir la primera etapa de obras que permitir\u00e1n mejorar la conexi\u00f3n entre ambas localidades, desde el pasado jueves personal de la comuna de Humboldt avanza en el ripiado de una nueva traza que beneficiar\u00e1 la circulaci\u00f3n con Colonia Rivadavia.<\/p>\n\n\n\n<p>En este sentido el presidente comunal Duilio Rohrmann dio detalles del proyecto. \u201cActualmente se trabaja en un nuevo ripiado en una extensi\u00f3n de 1.600 metros, en la traza que conecta con el recientemente concluido en el camino interdistrital entre Humboldt y Colonia Rivadavia\u201d.<\/p>\n\n\n\n<p>Rohrmann record\u00f3 que se trata de un proyecto donde la comuna aporta el 20% y los productores el 80% de la inversi\u00f3n. <\/p>\n\n\n\n<p>\u201cSe trata de un proyecto que fue realizado en conjunto con los productores de ambos distritos y la<br>comuna de Colonia Rivadavia. En total son unos 5 kil\u00f3metros, de una obra que beneficiar\u00e1 a productores rurales de ambas localidades. Este tipo de obras hace a\u00f1os que se vienen realizando a lo largo de nuestra gesti\u00f3n y permiti\u00f3 recuperar y concretar unos 60 kil\u00f3metros de caminos ripiados en nuestro distrito. Es un modelo de trabajo que permite mejorar la transitabilidad en la zona rural\u201d.<\/p>\n\n\n\n<p>El Jefe Comunal de Humboldt precis\u00f3 que participaron en la localidad de Gr\u00fctly de la presentaci\u00f3n del<br>programa Caminos de la Ruralidad.<\/p>\n\n\n\n<p>\u201cEstuvimos participando de la reuni\u00f3n realizada en esa localidad y de la que formaron parte funcionarios del ministerio de la Producci\u00f3n de la provincia y productores rurales. La idea es llevar a cabo una obra en conjunto para mejorar la conexi\u00f3n entre Humboldt y Gr\u00fctly, en el marco de los corredores productivos que impulsan desde la cartera productiva. Ojal\u00e1 se pueda concretar la obra en 2023, porqu\u00e9 mejorar\u00e1 no s\u00f3lo la salida de la producci\u00f3n sino tambi\u00e9n el acceso a la escuela rural ubicada en la zona\u201d.<\/p>\n<!-- AddThis Advanced Settings generic via filter on the_content --><!-- AddThis Share Buttons generic via filter on the_content -->","protected":false},"excerpt":{"rendered":"<p>Actualmente se trabaja en un nuevo ripiado en una extensi\u00f3n de 1.600 metros, en la traza [&hellip;]<!-- AddThis Advanced Settings generic via filter on get_the_excerpt --><!-- AddThis Share Buttons generic via filter on get_the_excerpt --><\/p>\n","protected":false},"author":16,"featured_media":38429,"comment_status":"open","ping_status":"open","sticky":false,"template":"","format":"standard","meta":{"_seopress_robots_primary_cat":"none","_seopress_titles_title":"","_seopress_titles_desc":"","_seopress_robots_index":"","_themeisle_gutenberg_block_has_review":false,"footnotes":""},"categories":[2,164,20,21,24],"tags":[],"class_list":["post-38426","post","type-post","status-publish","format-standard","has-post-thumbnail","hentry","category-actualidad","category-ambiente","category-departamentales","category-las-colonias","category-obras-publicas"],"_links":{"self":[{"href":"https:\/\/www.almargenweb.com.ar\/web\/wp-json\/wp\/v2\/posts\/38426","targetHints":{"allow":["GET"]}}],"collection":[{"href":"https:\/\/www.almargenweb.com.ar\/web\/wp-json\/wp\/v2\/posts"}],"about":[{"href":"https:\/\/www.almargenweb.com.ar\/web\/wp-json\/wp\/v2\/types\/post"}],"author":[{"embeddable":true,"href":"https:\/\/www.almargenweb.com.ar\/web\/wp-json\/wp\/v2\/users\/16"}],"replies":[{"embeddable":true,"href":"https:\/\/www.almargenweb.com.ar\/web\/wp-json\/wp\/v2\/comments?post=38426"}],"version-history":[{"count":1,"href":"https:\/\/www.almargenweb.com.ar\/web\/wp-json\/wp\/v2\/posts\/38426\/revisions"}],"predecessor-version":[{"id":38430,"href":"https:\/\/www.almargenweb.com.ar\/web\/wp-json\/wp\/v2\/posts\/38426\/revisions\/38430"}],"wp:featuredmedia":[{"embeddable":true,"href":"https:\/\/www.almargenweb.com.ar\/web\/wp-json\/wp\/v2\/media\/38429"}],"wp:attachment":[{"href":"https:\/\/www.almargenweb.com.ar\/web\/wp-json\/wp\/v2\/media?parent=38426"}],"wp:term":[{"taxonomy":"category","embeddable":true,"href":"https:\/\/www.almargenweb.com.ar\/web\/wp-json\/wp\/v2\/categories?post=38426"},{"taxonomy":"post_tag","embeddable":true,"href":"https:\/\/www.almargenweb.com.ar\/web\/wp-json\/wp\/v2\/tags?post=38426"}],"curies":[{"name":"wp","href":"https:\/\/api.w.org\/{rel}","templated":true}]}}