{"id":38421,"date":"2022-12-07T11:27:53","date_gmt":"2022-12-07T14:27:53","guid":{"rendered":"http:\/\/www.almargenweb.com.ar\/web\/?p=38421"},"modified":"2022-12-07T11:27:54","modified_gmt":"2022-12-07T14:27:54","slug":"rodrigo-muller-impulsa-la-ampliacion-de-la-red-cloacal-de-esperanza","status":"publish","type":"post","link":"https:\/\/www.almargenweb.com.ar\/web\/rodrigo-muller-impulsa-la-ampliacion-de-la-red-cloacal-de-esperanza\/","title":{"rendered":"Rodrigo M\u00fcller impulsa la ampliaci\u00f3n de la red cloacal de Esperanza"},"content":{"rendered":"\n<p>El concejal radical, junto a la diputada provincial, Jimena Senn, mantuvo un encuentro con autoridades de Aguas Santafesinas S.A. (ASSA) en la cual plantearon la necesidad de avanzar en un proyecto para ampliar la red cloacal de la ciudad y tratar los problemas de falta de presi\u00f3n y abastecimiento de agua en los distintos barrios de la ciudad.<\/p>\n\n\n\n<p>Al respecto, M\u00fcller valor\u00f3 \u201cel hecho de ser recibidos por los funcionarios\u201d y remarc\u00f3 que \u201cdurante la reuni\u00f3n nos interiorizamos sobre el estado de la red de cloacas y el abastecimiento de agua en la ciudad y analizamos posibles alternativas para mejorar la situaci\u00f3n ya que actualmente hay muchos vecinos que no pueden acceder al servicio de cloacas\u201d.<\/p>\n\n\n\n<p>El referente radical record\u00f3 que \u201cactualmente se est\u00e1 trabajando en el proyecto y el financiamiento de la obra de la planta receptora de l\u00edquidos cloacales, lo que permitir\u00e1 lograr las 6 plantas impulsoras en los distintos barrios de la ciudad: Alborada, Unidos, Solares del Labriego, Los Troncos, y sectores del barrio Norte y La Orilla\u201d.<\/p>\n\n\n\n<p>Otro factor a tener en cuenta es la construcci\u00f3n del acueducto de Rafaela, el cual \u201cesperemos que se ejecuten las obras necesarias para que uno de los pozos provea de agua a nuestra ciudad\u201d, a\u00f1adi\u00f3 el concejal.<\/p>\n\n\n\n<p>Por \u00faltimo, M\u00fcller ratific\u00f3 su compromiso de \u201cseguir trabajando para alcanzar el 100% de cloacas en Esperanza y para lograr m\u00e1s salud y mejor calidad de vida para todos los ciudadanos y ciudadanas\u201d.<\/p>\n\n\n\n<p>De la reuni\u00f3n tambi\u00e9n particip\u00f3 la licenciada en Saneamiento Ambiental, Lorena Domig, miembro del equipo t\u00e9cnico del concejal M\u00fcller.<\/p>\n<!-- AddThis Advanced Settings generic via filter on the_content --><!-- AddThis Share Buttons generic via filter on the_content -->","protected":false},"excerpt":{"rendered":"<p>El concejal radical, junto a la diputada provincial, Jimena Senn, mantuvo un encuentro con autoridades de [&hellip;]<!-- AddThis Advanced Settings generic via filter on get_the_excerpt --><!-- AddThis Share Buttons generic via filter on get_the_excerpt --><\/p>\n","protected":false},"author":16,"featured_media":38424,"comment_status":"open","ping_status":"open","sticky":false,"template":"","format":"standard","meta":{"_seopress_robots_primary_cat":"none","_seopress_titles_title":"","_seopress_titles_desc":"","_seopress_robots_index":"","_themeisle_gutenberg_block_has_review":false,"footnotes":""},"categories":[2,164,21,47,15],"tags":[],"class_list":["post-38421","post","type-post","status-publish","format-standard","has-post-thumbnail","hentry","category-actualidad","category-ambiente","category-las-colonias","category-locales","category-salud"],"_links":{"self":[{"href":"https:\/\/www.almargenweb.com.ar\/web\/wp-json\/wp\/v2\/posts\/38421","targetHints":{"allow":["GET"]}}],"collection":[{"href":"https:\/\/www.almargenweb.com.ar\/web\/wp-json\/wp\/v2\/posts"}],"about":[{"href":"https:\/\/www.almargenweb.com.ar\/web\/wp-json\/wp\/v2\/types\/post"}],"author":[{"embeddable":true,"href":"https:\/\/www.almargenweb.com.ar\/web\/wp-json\/wp\/v2\/users\/16"}],"replies":[{"embeddable":true,"href":"https:\/\/www.almargenweb.com.ar\/web\/wp-json\/wp\/v2\/comments?post=38421"}],"version-history":[{"count":1,"href":"https:\/\/www.almargenweb.com.ar\/web\/wp-json\/wp\/v2\/posts\/38421\/revisions"}],"predecessor-version":[{"id":38425,"href":"https:\/\/www.almargenweb.com.ar\/web\/wp-json\/wp\/v2\/posts\/38421\/revisions\/38425"}],"wp:featuredmedia":[{"embeddable":true,"href":"https:\/\/www.almargenweb.com.ar\/web\/wp-json\/wp\/v2\/media\/38424"}],"wp:attachment":[{"href":"https:\/\/www.almargenweb.com.ar\/web\/wp-json\/wp\/v2\/media?parent=38421"}],"wp:term":[{"taxonomy":"category","embeddable":true,"href":"https:\/\/www.almargenweb.com.ar\/web\/wp-json\/wp\/v2\/categories?post=38421"},{"taxonomy":"post_tag","embeddable":true,"href":"https:\/\/www.almargenweb.com.ar\/web\/wp-json\/wp\/v2\/tags?post=38421"}],"curies":[{"name":"wp","href":"https:\/\/api.w.org\/{rel}","templated":true}]}}