{"id":38396,"date":"2022-12-05T11:31:07","date_gmt":"2022-12-05T14:31:07","guid":{"rendered":"http:\/\/www.almargenweb.com.ar\/web\/?p=38396"},"modified":"2022-12-05T11:31:08","modified_gmt":"2022-12-05T14:31:08","slug":"noviembre-tuvo-consumo-record-de-energia-105-mas-que-en-mismo-mes-en-2021","status":"publish","type":"post","link":"https:\/\/www.almargenweb.com.ar\/web\/noviembre-tuvo-consumo-record-de-energia-105-mas-que-en-mismo-mes-en-2021\/","title":{"rendered":"Noviembre tuvo consumo r\u00e9cord de energ\u00eda: 10,5 % m\u00e1s que en mismo mes en 2021"},"content":{"rendered":"\n<p>La Empresa Provincial de la Energ\u00eda (EPE) inform\u00f3 que la electricidad operada durante el mes de noviembre en el territorio santafesino tuvo un crecimiento del 10,5 %, comparando con igual per\u00edodo del a\u00f1o 2021.<\/p>\n\n\n\n<p> El r\u00e9cord es para preocuparse si se tiene en cuenta que reci\u00e9n comienza el per\u00edodo de altas temperaturas y que se pronostica para esta semana un promedio de 37 grados, cada d\u00eda, seg\u00fan datos del Servicio Metereol\u00f3gico Nacional.<\/p>\n\n\n\n<p>La temperatura media de noviembre 2022 fue de 23,2\u00b0C, superior a la registrada en el mismo mes del a\u00f1o anterior (21,5\u00b0C) y superior a la media hist\u00f3rica del mes (21,5\u00b0C).<\/p>\n<!-- AddThis Advanced Settings generic via filter on the_content --><!-- AddThis Share Buttons generic via filter on the_content -->","protected":false},"excerpt":{"rendered":"<p>La Empresa Provincial de la Energ\u00eda (EPE) inform\u00f3 que la electricidad operada durante el mes de [&hellip;]<!-- AddThis Advanced Settings generic via filter on get_the_excerpt --><!-- AddThis Share Buttons generic via filter on get_the_excerpt --><\/p>\n","protected":false},"author":16,"featured_media":38399,"comment_status":"open","ping_status":"open","sticky":false,"template":"","format":"standard","meta":{"_seopress_robots_primary_cat":"none","_seopress_titles_title":"","_seopress_titles_desc":"","_seopress_robots_index":"","_themeisle_gutenberg_block_has_review":false,"footnotes":""},"categories":[2,15],"tags":[],"class_list":["post-38396","post","type-post","status-publish","format-standard","has-post-thumbnail","hentry","category-actualidad","category-salud"],"_links":{"self":[{"href":"https:\/\/www.almargenweb.com.ar\/web\/wp-json\/wp\/v2\/posts\/38396","targetHints":{"allow":["GET"]}}],"collection":[{"href":"https:\/\/www.almargenweb.com.ar\/web\/wp-json\/wp\/v2\/posts"}],"about":[{"href":"https:\/\/www.almargenweb.com.ar\/web\/wp-json\/wp\/v2\/types\/post"}],"author":[{"embeddable":true,"href":"https:\/\/www.almargenweb.com.ar\/web\/wp-json\/wp\/v2\/users\/16"}],"replies":[{"embeddable":true,"href":"https:\/\/www.almargenweb.com.ar\/web\/wp-json\/wp\/v2\/comments?post=38396"}],"version-history":[{"count":1,"href":"https:\/\/www.almargenweb.com.ar\/web\/wp-json\/wp\/v2\/posts\/38396\/revisions"}],"predecessor-version":[{"id":38400,"href":"https:\/\/www.almargenweb.com.ar\/web\/wp-json\/wp\/v2\/posts\/38396\/revisions\/38400"}],"wp:featuredmedia":[{"embeddable":true,"href":"https:\/\/www.almargenweb.com.ar\/web\/wp-json\/wp\/v2\/media\/38399"}],"wp:attachment":[{"href":"https:\/\/www.almargenweb.com.ar\/web\/wp-json\/wp\/v2\/media?parent=38396"}],"wp:term":[{"taxonomy":"category","embeddable":true,"href":"https:\/\/www.almargenweb.com.ar\/web\/wp-json\/wp\/v2\/categories?post=38396"},{"taxonomy":"post_tag","embeddable":true,"href":"https:\/\/www.almargenweb.com.ar\/web\/wp-json\/wp\/v2\/tags?post=38396"}],"curies":[{"name":"wp","href":"https:\/\/api.w.org\/{rel}","templated":true}]}}