{"id":38385,"date":"2022-12-05T09:19:32","date_gmt":"2022-12-05T12:19:32","guid":{"rendered":"http:\/\/www.almargenweb.com.ar\/web\/?p=38385"},"modified":"2022-12-05T09:19:33","modified_gmt":"2022-12-05T12:19:33","slug":"por-la-fuerte-suba-de-casos-de-coronavirus-recomiendan-volver-a-usar-barbijo-y-vacunarse","status":"publish","type":"post","link":"https:\/\/www.almargenweb.com.ar\/web\/por-la-fuerte-suba-de-casos-de-coronavirus-recomiendan-volver-a-usar-barbijo-y-vacunarse\/","title":{"rendered":"Por la fuerte suba de casos de coronavirus, recomiendan volver a usar barbijo y vacunarse"},"content":{"rendered":"\n<p>En la \u00faltima semana, el Ministerio de Salud report\u00f3 nueve muertes por coronavirus y 12.609 contagios en la Argentina.<\/p>\n\n\n\n<p>En cuanto a la cantidad de muertes, aument\u00f3 12,5% en relaci\u00f3n a la semana pasada cuando se hab\u00edan informado 8 fallecimientos.<\/p>\n\n\n\n<p>La ministra de Salud, recomend\u00f3 reforzar la vacunaci\u00f3n y los cuidados habituales frente al aumento de casos de coronavirus, que fue de 3,8 veces m\u00e1s en todo el pa\u00eds, de la semana anterior a la actual.<\/p>\n\n\n\n<p>\u201cLos casos de Covid-19 vienen aumentando desde hace cuatro semanas, y de la semana anterior a \u00e9sta lo hicieron 3,8 veces. Nuestra recomendaci\u00f3n en este contexto es reforzar la vacunaci\u00f3n y los cuidados de siempre\u201d, sostuvo la ministra.<\/p>\n\n\n\n<p>Entre las recomendaciones, se aconseja que &#8220;si uno est\u00e1 enfermo, no ir a trabajar o a la escuela, porque va a contagiar a otros&#8221;. &#8220;Despu\u00e9s, ventilaci\u00f3n y aislamiento. Eso es lo m\u00e1s importante&#8221;.<\/p>\n\n\n\n<p><\/p>\n<!-- AddThis Advanced Settings generic via filter on the_content --><!-- AddThis Share Buttons generic via filter on the_content -->","protected":false},"excerpt":{"rendered":"<p>En la \u00faltima semana, el Ministerio de Salud report\u00f3 nueve muertes por coronavirus y 12.609 contagios [&hellip;]<!-- AddThis Advanced Settings generic via filter on get_the_excerpt --><!-- AddThis Share Buttons generic via filter on get_the_excerpt --><\/p>\n","protected":false},"author":16,"featured_media":38388,"comment_status":"open","ping_status":"open","sticky":false,"template":"","format":"standard","meta":{"_seopress_robots_primary_cat":"none","_seopress_titles_title":"","_seopress_titles_desc":"","_seopress_robots_index":"","_themeisle_gutenberg_block_has_review":false,"footnotes":""},"categories":[2,15],"tags":[],"class_list":["post-38385","post","type-post","status-publish","format-standard","has-post-thumbnail","hentry","category-actualidad","category-salud"],"_links":{"self":[{"href":"https:\/\/www.almargenweb.com.ar\/web\/wp-json\/wp\/v2\/posts\/38385","targetHints":{"allow":["GET"]}}],"collection":[{"href":"https:\/\/www.almargenweb.com.ar\/web\/wp-json\/wp\/v2\/posts"}],"about":[{"href":"https:\/\/www.almargenweb.com.ar\/web\/wp-json\/wp\/v2\/types\/post"}],"author":[{"embeddable":true,"href":"https:\/\/www.almargenweb.com.ar\/web\/wp-json\/wp\/v2\/users\/16"}],"replies":[{"embeddable":true,"href":"https:\/\/www.almargenweb.com.ar\/web\/wp-json\/wp\/v2\/comments?post=38385"}],"version-history":[{"count":1,"href":"https:\/\/www.almargenweb.com.ar\/web\/wp-json\/wp\/v2\/posts\/38385\/revisions"}],"predecessor-version":[{"id":38389,"href":"https:\/\/www.almargenweb.com.ar\/web\/wp-json\/wp\/v2\/posts\/38385\/revisions\/38389"}],"wp:featuredmedia":[{"embeddable":true,"href":"https:\/\/www.almargenweb.com.ar\/web\/wp-json\/wp\/v2\/media\/38388"}],"wp:attachment":[{"href":"https:\/\/www.almargenweb.com.ar\/web\/wp-json\/wp\/v2\/media?parent=38385"}],"wp:term":[{"taxonomy":"category","embeddable":true,"href":"https:\/\/www.almargenweb.com.ar\/web\/wp-json\/wp\/v2\/categories?post=38385"},{"taxonomy":"post_tag","embeddable":true,"href":"https:\/\/www.almargenweb.com.ar\/web\/wp-json\/wp\/v2\/tags?post=38385"}],"curies":[{"name":"wp","href":"https:\/\/api.w.org\/{rel}","templated":true}]}}