{"id":38327,"date":"2022-11-25T13:14:57","date_gmt":"2022-11-25T16:14:57","guid":{"rendered":"http:\/\/www.almargenweb.com.ar\/web\/?p=38327"},"modified":"2022-11-25T13:14:58","modified_gmt":"2022-11-25T16:14:58","slug":"agotamiento-cansancio-y-debilidad-como-evitar-sufrir-un-golpe-de-calor","status":"publish","type":"post","link":"https:\/\/www.almargenweb.com.ar\/web\/agotamiento-cansancio-y-debilidad-como-evitar-sufrir-un-golpe-de-calor\/","title":{"rendered":"Agotamiento, cansancio y debilidad: \u00bfc\u00f3mo evitar sufrir un golpe de calor?"},"content":{"rendered":"\n<p>Una ola de calor que comenz\u00f3 este viernes y se quedar\u00e1 hasta el martes pr\u00f3ximo inclusive, tendra temperaturas m\u00e1ximas que rondaran los 37\u00b0 con minimas muy altas.<\/p>\n\n\n\n<p>Con el objetivo de evitar los posibles efectos sobre la salud, el Ministerio de Salud de la Naci\u00f3n difunde una serie de recomendaciones, para los dos grupos etareos de mayor riezgo; n9inos y adultos mayores.<\/p>\n\n\n\n<p>El golpe de calor ocurre cuando el cuerpo no puede regular su propia temperatura llegando a niveles cr\u00edticos de mas de 40\u00b0 C. <\/p>\n\n\n\n<p>Se trata de una emergencia m\u00e9dica que puede resultar en la muerte. Por ese motivo, frente a un golpe de calor, es indispensable recibir atenci\u00f3n m\u00e9dica urgente.<\/p>\n\n\n\n<p>Estar expuestos por un tiempo prolongado al sol o realizar actividad f\u00edsica en ambientes calurosos o con poca ventilaci\u00f3n son las causas m\u00e1s frecuentes del golpe de calor. Se conoce de esta manera al aumento de la temperatura corporal debido a la dificultad para regularla a trav\u00e9s de mecanismos habituales como la sudoraci\u00f3n. Puede presentarse en el momento o despu\u00e9s de varios d\u00edas de alta temperatura.<\/p>\n\n\n\n<p>Qui\u00e9nes pueden sufrirlo?<br>Beb\u00e9s y ni\u00f1os menores de un a\u00f1o o que tengan fiebre por otras causas o diarrea.<\/p>\n\n\n\n<p>Personas con enfermedades cr\u00f3nicas, afecciones card\u00edacas, respiratorias, hipertensi\u00f3n arterial y\/o diabetes.<\/p>\n\n\n\n<p>Mujeres embarazadas.<\/p>\n\n\n\n<p>Personas con la piel muy da\u00f1ada por el sol.<\/p>\n\n\n\n<p>J\u00f3venes que abusan del alcohol y de las drogas.<\/p>\n\n\n\n<p>Personas mayores.<\/p>\n\n\n\n<p>Cu\u00e1les son los s\u00edntomas de alerta?<\/p>\n\n\n\n<p>Sed intensa y sequedad en la boca.<\/p>\n\n\n\n<p>Temperatura mayor a 39 \u00b0C.<\/p>\n\n\n\n<p>Sudoraci\u00f3n excesiva.<\/p>\n\n\n\n<p>Sensaci\u00f3n de calor sofocante, v\u00e9rtigo, mareos o desmayo.<\/p>\n\n\n\n<p>Piel seca.<\/p>\n\n\n\n<p>Agitaci\u00f3n, cansancio, debilidad o calambres musculares.<\/p>\n\n\n\n<p>Sensaci\u00f3n de dolores de cabeza, est\u00f3mago, falta de apetito, n\u00e1useas o v\u00f3mitos.<\/p>\n\n\n\n<p>Estado de confusi\u00f3n, desorientaci\u00f3n, delirio o convulsiones.<\/p>\n<!-- AddThis Advanced Settings generic via filter on the_content --><!-- AddThis Share Buttons generic via filter on the_content -->","protected":false},"excerpt":{"rendered":"<p>Una ola de calor que comenz\u00f3 este viernes y se quedar\u00e1 hasta el martes pr\u00f3ximo inclusive, [&hellip;]<!-- AddThis Advanced Settings generic via filter on get_the_excerpt --><!-- AddThis Share Buttons generic via filter on get_the_excerpt --><\/p>\n","protected":false},"author":16,"featured_media":38330,"comment_status":"open","ping_status":"open","sticky":false,"template":"","format":"standard","meta":{"_seopress_robots_primary_cat":"none","_seopress_titles_title":"","_seopress_titles_desc":"","_seopress_robots_index":"","_themeisle_gutenberg_block_has_review":false,"footnotes":""},"categories":[2,15],"tags":[],"class_list":["post-38327","post","type-post","status-publish","format-standard","has-post-thumbnail","hentry","category-actualidad","category-salud"],"_links":{"self":[{"href":"https:\/\/www.almargenweb.com.ar\/web\/wp-json\/wp\/v2\/posts\/38327","targetHints":{"allow":["GET"]}}],"collection":[{"href":"https:\/\/www.almargenweb.com.ar\/web\/wp-json\/wp\/v2\/posts"}],"about":[{"href":"https:\/\/www.almargenweb.com.ar\/web\/wp-json\/wp\/v2\/types\/post"}],"author":[{"embeddable":true,"href":"https:\/\/www.almargenweb.com.ar\/web\/wp-json\/wp\/v2\/users\/16"}],"replies":[{"embeddable":true,"href":"https:\/\/www.almargenweb.com.ar\/web\/wp-json\/wp\/v2\/comments?post=38327"}],"version-history":[{"count":1,"href":"https:\/\/www.almargenweb.com.ar\/web\/wp-json\/wp\/v2\/posts\/38327\/revisions"}],"predecessor-version":[{"id":38331,"href":"https:\/\/www.almargenweb.com.ar\/web\/wp-json\/wp\/v2\/posts\/38327\/revisions\/38331"}],"wp:featuredmedia":[{"embeddable":true,"href":"https:\/\/www.almargenweb.com.ar\/web\/wp-json\/wp\/v2\/media\/38330"}],"wp:attachment":[{"href":"https:\/\/www.almargenweb.com.ar\/web\/wp-json\/wp\/v2\/media?parent=38327"}],"wp:term":[{"taxonomy":"category","embeddable":true,"href":"https:\/\/www.almargenweb.com.ar\/web\/wp-json\/wp\/v2\/categories?post=38327"},{"taxonomy":"post_tag","embeddable":true,"href":"https:\/\/www.almargenweb.com.ar\/web\/wp-json\/wp\/v2\/tags?post=38327"}],"curies":[{"name":"wp","href":"https:\/\/api.w.org\/{rel}","templated":true}]}}