{"id":38317,"date":"2022-11-24T15:06:48","date_gmt":"2022-11-24T18:06:48","guid":{"rendered":"http:\/\/www.almargenweb.com.ar\/web\/?p=38317"},"modified":"2022-11-24T15:06:50","modified_gmt":"2022-11-24T18:06:50","slug":"aumento-en-el-impuesto-a-la-cerveza-la-suba-del-costo-se-ubica-entre-un-12-hasta-un-17","status":"publish","type":"post","link":"https:\/\/www.almargenweb.com.ar\/web\/aumento-en-el-impuesto-a-la-cerveza-la-suba-del-costo-se-ubica-entre-un-12-hasta-un-17\/","title":{"rendered":"Aumento en el impuesto a la cerveza: la suba del costo se ubica entre un 12% hasta un 17%"},"content":{"rendered":"\n<p>El litro de cerveza se comercializa a partir de hoy desde los 500 pesos hasta los 700 pesos, en casos de cervezas <\/p>\n\n\n\n<p>El sorpresivo incremento de precios fue confirmado por la C\u00e1mara de Kiosqueros y Almaceneros de Santa Fe. La sube del costo se ubica entre un 12% hasta un 17%, dependiendo la marca de la bebida.<\/p>\n\n\n\n<p>En di\u00e1logo con el m\u00f3vil de Radio EME, Ana Laura Gil, integrante de la C\u00e1mara de Kiosqueros, se\u00f1al\u00f3: \u201cHac\u00eda dos meses hab\u00edan subido las cervezas. Ahora aumentaron antes que se congelen los precios\u201d.<\/p>\n<!-- AddThis Advanced Settings generic via filter on the_content --><!-- AddThis Share Buttons generic via filter on the_content -->","protected":false},"excerpt":{"rendered":"<p>El litro de cerveza se comercializa a partir de hoy desde los 500 pesos hasta los [&hellip;]<!-- AddThis Advanced Settings generic via filter on get_the_excerpt --><!-- AddThis Share Buttons generic via filter on get_the_excerpt --><\/p>\n","protected":false},"author":16,"featured_media":38320,"comment_status":"open","ping_status":"open","sticky":false,"template":"","format":"standard","meta":{"_seopress_robots_primary_cat":"none","_seopress_titles_title":"","_seopress_titles_desc":"","_seopress_robots_index":"","_themeisle_gutenberg_block_has_review":false,"footnotes":""},"categories":[2,164,5],"tags":[],"class_list":["post-38317","post","type-post","status-publish","format-standard","has-post-thumbnail","hentry","category-actualidad","category-ambiente","category-economia"],"_links":{"self":[{"href":"https:\/\/www.almargenweb.com.ar\/web\/wp-json\/wp\/v2\/posts\/38317","targetHints":{"allow":["GET"]}}],"collection":[{"href":"https:\/\/www.almargenweb.com.ar\/web\/wp-json\/wp\/v2\/posts"}],"about":[{"href":"https:\/\/www.almargenweb.com.ar\/web\/wp-json\/wp\/v2\/types\/post"}],"author":[{"embeddable":true,"href":"https:\/\/www.almargenweb.com.ar\/web\/wp-json\/wp\/v2\/users\/16"}],"replies":[{"embeddable":true,"href":"https:\/\/www.almargenweb.com.ar\/web\/wp-json\/wp\/v2\/comments?post=38317"}],"version-history":[{"count":1,"href":"https:\/\/www.almargenweb.com.ar\/web\/wp-json\/wp\/v2\/posts\/38317\/revisions"}],"predecessor-version":[{"id":38321,"href":"https:\/\/www.almargenweb.com.ar\/web\/wp-json\/wp\/v2\/posts\/38317\/revisions\/38321"}],"wp:featuredmedia":[{"embeddable":true,"href":"https:\/\/www.almargenweb.com.ar\/web\/wp-json\/wp\/v2\/media\/38320"}],"wp:attachment":[{"href":"https:\/\/www.almargenweb.com.ar\/web\/wp-json\/wp\/v2\/media?parent=38317"}],"wp:term":[{"taxonomy":"category","embeddable":true,"href":"https:\/\/www.almargenweb.com.ar\/web\/wp-json\/wp\/v2\/categories?post=38317"},{"taxonomy":"post_tag","embeddable":true,"href":"https:\/\/www.almargenweb.com.ar\/web\/wp-json\/wp\/v2\/tags?post=38317"}],"curies":[{"name":"wp","href":"https:\/\/api.w.org\/{rel}","templated":true}]}}