{"id":38294,"date":"2022-11-21T11:13:04","date_gmt":"2022-11-21T14:13:04","guid":{"rendered":"http:\/\/www.almargenweb.com.ar\/web\/?p=38294"},"modified":"2022-11-21T11:22:26","modified_gmt":"2022-11-21T14:22:26","slug":"segun-el-ministerio-de-salud-los-contagios-de-coronavirus-recieron-casi-un-50-en-la-ultima-semana","status":"publish","type":"post","link":"https:\/\/www.almargenweb.com.ar\/web\/segun-el-ministerio-de-salud-los-contagios-de-coronavirus-recieron-casi-un-50-en-la-ultima-semana\/","title":{"rendered":"Seg\u00fan el Ministerio de Salud, los contagios de coronavirus recieron casi un 50% en la \u00faltima semana"},"content":{"rendered":"\n<p>El Ministerio de Salud de la Naci\u00f3n inform\u00f3 que en la \u00faltima semana se registraron seis muertes por coronavirus y 2.206 contagios en la Argentina, lo que representa un 48% m\u00e1s de casos que el domingo pasado cuando se reportaron 1.486.<\/p>\n\n\n\n<p>De acuerdo a los datos difundidos, la cantidad de muertes disminuy\u00f3 25% en relaci\u00f3n a la semana pasada cuando se hab\u00edan informado ocho fallecimientos.<\/p>\n\n\n\n<p> De esta manera, suman 130.017 los fallecidos registrados oficialmente a nivel nacional y 9.723.924 los contagiados desde el inicio de la pandemia. <\/p>\n\n\n\n<p>La cartera sanitaria indic\u00f3 que son 237 los internados con coronavirus en unidades de terapia intensiva, con un porcentaje de ocupaci\u00f3n de camas de adultos en el sector p\u00fablico y privado, para todas las patolog\u00edas, de 41% en el pa\u00eds. <\/p>\n\n\n\n<p>Durante la \u00faltima semana murieron una persona en Corrientes, cuatro en Entre R\u00edos, y una en Mendoza.<\/p>\n<!-- AddThis Advanced Settings generic via filter on the_content --><!-- AddThis Share Buttons generic via filter on the_content -->","protected":false},"excerpt":{"rendered":"<p>El Ministerio de Salud de la Naci\u00f3n inform\u00f3 que en la \u00faltima semana se registraron seis [&hellip;]<!-- AddThis Advanced Settings generic via filter on get_the_excerpt --><!-- AddThis Share Buttons generic via filter on get_the_excerpt --><\/p>\n","protected":false},"author":16,"featured_media":38297,"comment_status":"open","ping_status":"open","sticky":false,"template":"","format":"standard","meta":{"_seopress_robots_primary_cat":"none","_seopress_titles_title":"","_seopress_titles_desc":"","_seopress_robots_index":"","_themeisle_gutenberg_block_has_review":false,"footnotes":""},"categories":[2,164,15],"tags":[],"class_list":["post-38294","post","type-post","status-publish","format-standard","has-post-thumbnail","hentry","category-actualidad","category-ambiente","category-salud"],"_links":{"self":[{"href":"https:\/\/www.almargenweb.com.ar\/web\/wp-json\/wp\/v2\/posts\/38294","targetHints":{"allow":["GET"]}}],"collection":[{"href":"https:\/\/www.almargenweb.com.ar\/web\/wp-json\/wp\/v2\/posts"}],"about":[{"href":"https:\/\/www.almargenweb.com.ar\/web\/wp-json\/wp\/v2\/types\/post"}],"author":[{"embeddable":true,"href":"https:\/\/www.almargenweb.com.ar\/web\/wp-json\/wp\/v2\/users\/16"}],"replies":[{"embeddable":true,"href":"https:\/\/www.almargenweb.com.ar\/web\/wp-json\/wp\/v2\/comments?post=38294"}],"version-history":[{"count":2,"href":"https:\/\/www.almargenweb.com.ar\/web\/wp-json\/wp\/v2\/posts\/38294\/revisions"}],"predecessor-version":[{"id":38300,"href":"https:\/\/www.almargenweb.com.ar\/web\/wp-json\/wp\/v2\/posts\/38294\/revisions\/38300"}],"wp:featuredmedia":[{"embeddable":true,"href":"https:\/\/www.almargenweb.com.ar\/web\/wp-json\/wp\/v2\/media\/38297"}],"wp:attachment":[{"href":"https:\/\/www.almargenweb.com.ar\/web\/wp-json\/wp\/v2\/media?parent=38294"}],"wp:term":[{"taxonomy":"category","embeddable":true,"href":"https:\/\/www.almargenweb.com.ar\/web\/wp-json\/wp\/v2\/categories?post=38294"},{"taxonomy":"post_tag","embeddable":true,"href":"https:\/\/www.almargenweb.com.ar\/web\/wp-json\/wp\/v2\/tags?post=38294"}],"curies":[{"name":"wp","href":"https:\/\/api.w.org\/{rel}","templated":true}]}}