{"id":38264,"date":"2022-11-16T09:54:23","date_gmt":"2022-11-16T12:54:23","guid":{"rendered":"http:\/\/www.almargenweb.com.ar\/web\/?p=38264"},"modified":"2022-11-16T09:54:24","modified_gmt":"2022-11-16T12:54:24","slug":"maraton-santa-fe-coronda-erika-yenssen-y-matias-hernandez-los-ganadores-de-la-competencia","status":"publish","type":"post","link":"https:\/\/www.almargenweb.com.ar\/web\/maraton-santa-fe-coronda-erika-yenssen-y-matias-hernandez-los-ganadores-de-la-competencia\/","title":{"rendered":"Marat\u00f3n Santa Fe\u2013Coronda: Erika Yenssen y Mat\u00edas Hern\u00e1ndez, los ganadores de la competencia"},"content":{"rendered":"\n<p>Tras dos a\u00f1os de ausencia a causa de la pandemia, este martes 15 de noviembre se corri\u00f3 la 46\u00aa Marat\u00f3n Santa Fe-Coronda. La competencia larg\u00f3 a las 8 desde la costanera Este de la ciudad de Santa Fe y culmin\u00f3 a las 16:39 en aguas corondinas.<\/p>\n\n\n\n<p>Tras confirmarse la baja de dos nadadores, la prueba de aguas abiertas \u201cm\u00e1s linda del mundo\u201d cont\u00f3 en esta edici\u00f3n con 17 participantes  (11 varones y 6 mujeres) y un invitado especial que es el franc\u00e9s Theo Curin, deportista paral\u00edmpico y nadador extremo. Curin tuvo un recorrido particular y lleg\u00f3 haciendo un buen tiempo a la costanera de Coronda.<\/p>\n\n\n\n<p>La haza\u00f1a de Curin, incluy\u00f3 un recorrido por las aguas heladas a 3.800 metros sobre el nivel del mar. El franc\u00e9s estuvo acompa\u00f1ado por otros dos nadadores: <\/p>\n\n\n\n<p>Malia Metella (la cinco veces campeona de Europa y medallista ol\u00edmpica en Atenas 2004) y por Matthieu Witvoet (un aventurero que recorri\u00f3 17 pa\u00edses en bicicleta en 2017).<\/p>\n\n\n\n<figure class=\"wp-block-image size-full is-resized\"><img loading=\"lazy\" decoding=\"async\" src=\"https:\/\/www.almargenweb.com.ar\/web\/wp-content\/uploads\/2022\/11\/maraton-santa-fe-coronda-puente-carretero-multitud.jpg\" alt=\"\" class=\"wp-image-38268\" width=\"835\" height=\"470\" srcset=\"https:\/\/www.almargenweb.com.ar\/web\/wp-content\/uploads\/2022\/11\/maraton-santa-fe-coronda-puente-carretero-multitud.jpg 642w, https:\/\/www.almargenweb.com.ar\/web\/wp-content\/uploads\/2022\/11\/maraton-santa-fe-coronda-puente-carretero-multitud-300x169.jpg 300w\" sizes=\"auto, (max-width: 835px) 100vw, 835px\" \/><figcaption class=\"wp-element-caption\">Tras dos a\u00f1os de ausencia a causa de la pandemia, este martes 15 de noviembre se corri\u00f3 la 46\u00aa Marat\u00f3n Santa Fe-Coronda. <\/figcaption><\/figure>\n\n\n\n<p>Erika Yenssen, oriunda de la localidad de San Jer\u00f3nimo Norte, en el departamento Las Colonias, gan\u00f3 en rama femenina, despues de nadar 6hs.<br>La argentina lleg\u00f3 a la costanera corondina en primer lugar, por delante de la chilena Mahina Valdivia y la francesa Morgane Dornic.<\/p>\n\n\n\n<p>Mat\u00edas D\u00edaz Hern\u00e1ndez, oriundo de rio Gallegos, hizo lo propio con 7 horas, 43 minutos y 33 segundos de nado.<\/p>\n<!-- AddThis Advanced Settings generic via filter on the_content --><!-- AddThis Share Buttons generic via filter on the_content -->","protected":false},"excerpt":{"rendered":"<p>Tras dos a\u00f1os de ausencia a causa de la pandemia, este martes 15 de noviembre se [&hellip;]<!-- AddThis Advanced Settings generic via filter on get_the_excerpt --><!-- AddThis Share Buttons generic via filter on get_the_excerpt --><\/p>\n","protected":false},"author":16,"featured_media":38267,"comment_status":"open","ping_status":"open","sticky":false,"template":"","format":"standard","meta":{"_seopress_robots_primary_cat":"none","_seopress_titles_title":"","_seopress_titles_desc":"","_seopress_robots_index":"","_themeisle_gutenberg_block_has_review":false,"footnotes":""},"categories":[2,164,230],"tags":[],"class_list":["post-38264","post","type-post","status-publish","format-standard","has-post-thumbnail","hentry","category-actualidad","category-ambiente","category-deportes"],"_links":{"self":[{"href":"https:\/\/www.almargenweb.com.ar\/web\/wp-json\/wp\/v2\/posts\/38264","targetHints":{"allow":["GET"]}}],"collection":[{"href":"https:\/\/www.almargenweb.com.ar\/web\/wp-json\/wp\/v2\/posts"}],"about":[{"href":"https:\/\/www.almargenweb.com.ar\/web\/wp-json\/wp\/v2\/types\/post"}],"author":[{"embeddable":true,"href":"https:\/\/www.almargenweb.com.ar\/web\/wp-json\/wp\/v2\/users\/16"}],"replies":[{"embeddable":true,"href":"https:\/\/www.almargenweb.com.ar\/web\/wp-json\/wp\/v2\/comments?post=38264"}],"version-history":[{"count":1,"href":"https:\/\/www.almargenweb.com.ar\/web\/wp-json\/wp\/v2\/posts\/38264\/revisions"}],"predecessor-version":[{"id":38269,"href":"https:\/\/www.almargenweb.com.ar\/web\/wp-json\/wp\/v2\/posts\/38264\/revisions\/38269"}],"wp:featuredmedia":[{"embeddable":true,"href":"https:\/\/www.almargenweb.com.ar\/web\/wp-json\/wp\/v2\/media\/38267"}],"wp:attachment":[{"href":"https:\/\/www.almargenweb.com.ar\/web\/wp-json\/wp\/v2\/media?parent=38264"}],"wp:term":[{"taxonomy":"category","embeddable":true,"href":"https:\/\/www.almargenweb.com.ar\/web\/wp-json\/wp\/v2\/categories?post=38264"},{"taxonomy":"post_tag","embeddable":true,"href":"https:\/\/www.almargenweb.com.ar\/web\/wp-json\/wp\/v2\/tags?post=38264"}],"curies":[{"name":"wp","href":"https:\/\/api.w.org\/{rel}","templated":true}]}}