{"id":38171,"date":"2022-11-10T12:22:59","date_gmt":"2022-11-10T15:22:59","guid":{"rendered":"http:\/\/www.almargenweb.com.ar\/web\/?p=38171"},"modified":"2022-11-10T12:23:00","modified_gmt":"2022-11-10T15:23:00","slug":"pullaro-y-michlig-en-la-oea-santa-fe-y-el-pais-pueden-cambiar-si-sabemos-conectarnos-al-mundo","status":"publish","type":"post","link":"https:\/\/www.almargenweb.com.ar\/web\/pullaro-y-michlig-en-la-oea-santa-fe-y-el-pais-pueden-cambiar-si-sabemos-conectarnos-al-mundo\/","title":{"rendered":"Pullaro y Michlig en la OEA: &#8220;Santa Fe y el pa\u00eds pueden cambiar si sabemos conectarnos al mundo&#8221;"},"content":{"rendered":"\n<p>El diputado de Juntos por el Cambio, Maximiliano Pullaro, junto al senador Felipe Michlig, se reunieron con las dos m\u00e1ximas autoridades de la Organizaci\u00f3n de Estados Americanos (OEA), el secretario general, Luis Almagro, y el senior advisor, Gustavo Cinosi. <\/p>\n\n\n\n<p>\u201cSanta Fe y el pa\u00eds pueden cambiar, si sabemos conectarnos al mundo\u201d, dijo Pullaro, y agreg\u00f3 que \u201cpara eso hay que salir del modelo de atraso que propone el kirchnerismo\u201d.<\/p>\n\n\n\n<p>Durante el encuentro, que dur\u00f3 casi dos horas, se plantearon temas vinculados a la seguridad y, particularmente, al narcotr\u00e1fico. <\/p>\n\n\n\n<p>\u201cUna de las \u00e1reas de mayor desarrollo de la OEA tiene que ver con la seguridad regional, al respecto es muy interesante lo que podemos lograr si trabajamos en forma conjunta en inteligencia criminal, con una mirada internacional sobre el estado de situaci\u00f3n actual y las proyecciones de los fen\u00f3menos delictivos, de violencia y narcotr\u00e1fico a nivel regional\u201d, se\u00f1al\u00f3 Pullaro.<\/p>\n<!-- AddThis Advanced Settings generic via filter on the_content --><!-- AddThis Share Buttons generic via filter on the_content -->","protected":false},"excerpt":{"rendered":"<p>El diputado de Juntos por el Cambio, Maximiliano Pullaro, junto al senador Felipe Michlig, se reunieron [&hellip;]<!-- AddThis Advanced Settings generic via filter on get_the_excerpt --><!-- AddThis Share Buttons generic via filter on get_the_excerpt --><\/p>\n","protected":false},"author":16,"featured_media":38173,"comment_status":"open","ping_status":"open","sticky":false,"template":"","format":"standard","meta":{"_seopress_robots_primary_cat":"none","_seopress_titles_title":"","_seopress_titles_desc":"","_seopress_robots_index":"","_themeisle_gutenberg_block_has_review":false,"footnotes":""},"categories":[2,164,9],"tags":[],"class_list":["post-38171","post","type-post","status-publish","format-standard","has-post-thumbnail","hentry","category-actualidad","category-ambiente","category-politica"],"_links":{"self":[{"href":"https:\/\/www.almargenweb.com.ar\/web\/wp-json\/wp\/v2\/posts\/38171","targetHints":{"allow":["GET"]}}],"collection":[{"href":"https:\/\/www.almargenweb.com.ar\/web\/wp-json\/wp\/v2\/posts"}],"about":[{"href":"https:\/\/www.almargenweb.com.ar\/web\/wp-json\/wp\/v2\/types\/post"}],"author":[{"embeddable":true,"href":"https:\/\/www.almargenweb.com.ar\/web\/wp-json\/wp\/v2\/users\/16"}],"replies":[{"embeddable":true,"href":"https:\/\/www.almargenweb.com.ar\/web\/wp-json\/wp\/v2\/comments?post=38171"}],"version-history":[{"count":1,"href":"https:\/\/www.almargenweb.com.ar\/web\/wp-json\/wp\/v2\/posts\/38171\/revisions"}],"predecessor-version":[{"id":38174,"href":"https:\/\/www.almargenweb.com.ar\/web\/wp-json\/wp\/v2\/posts\/38171\/revisions\/38174"}],"wp:featuredmedia":[{"embeddable":true,"href":"https:\/\/www.almargenweb.com.ar\/web\/wp-json\/wp\/v2\/media\/38173"}],"wp:attachment":[{"href":"https:\/\/www.almargenweb.com.ar\/web\/wp-json\/wp\/v2\/media?parent=38171"}],"wp:term":[{"taxonomy":"category","embeddable":true,"href":"https:\/\/www.almargenweb.com.ar\/web\/wp-json\/wp\/v2\/categories?post=38171"},{"taxonomy":"post_tag","embeddable":true,"href":"https:\/\/www.almargenweb.com.ar\/web\/wp-json\/wp\/v2\/tags?post=38171"}],"curies":[{"name":"wp","href":"https:\/\/api.w.org\/{rel}","templated":true}]}}