{"id":38160,"date":"2022-11-09T15:51:13","date_gmt":"2022-11-09T18:51:13","guid":{"rendered":"http:\/\/www.almargenweb.com.ar\/web\/?p=38160"},"modified":"2022-11-09T15:51:14","modified_gmt":"2022-11-09T18:51:14","slug":"pan-caliente-el-gobierno-cito-a-empresas-para-consensuar-precio-el-kilo-alcanzara-los-400","status":"publish","type":"post","link":"https:\/\/www.almargenweb.com.ar\/web\/pan-caliente-el-gobierno-cito-a-empresas-para-consensuar-precio-el-kilo-alcanzara-los-400\/","title":{"rendered":"Pan &#8220;caliente&#8221;: el Gobierno cit\u00f3 a empresas para consensuar precio, el kilo alcanzar\u00e1 los $400"},"content":{"rendered":"\n<p>Ante la escalada de aumentos en la harina y otras materias primas, el Gobierno cit\u00f3 para el pr\u00f3ximo martes a los empresarios panaderos para consensuar un precio de referencia nacional, cuando algunas provincias ya remarcaron.<\/p>\n\n\n\n<p>Esta tarde hay un nuevo encuentro y luego se comunicar\u00e1 la decisi\u00f3n a los socios del Centro de Panaderos de Santa Fe.<\/p>\n\n\n\n<p>&#8220;Estuvimos trabajando con la contadora, afinamos el l\u00e1piz, pero igual hay que aumentar&#8221; asegur\u00f3 Spacich por LT10. Adem\u00e1s, sostuvo que comunicar\u00e1n la decisi\u00f3n a los socios y luego estos lo implementar\u00e1n en un marco de dos o tres d\u00edas.<\/p>\n\n\n\n<p>&#8220;Los costos est\u00e1n muy elevados. Hoy en d\u00eda est\u00e1 $350 o $360 el kilo y se ir\u00eda a $400&#8221; manifest\u00f3.<\/p>\n\n\n\n<p><\/p>\n<!-- AddThis Advanced Settings generic via filter on the_content --><!-- AddThis Share Buttons generic via filter on the_content -->","protected":false},"excerpt":{"rendered":"<p>Ante la escalada de aumentos en la harina y otras materias primas, el Gobierno cit\u00f3 para [&hellip;]<!-- AddThis Advanced Settings generic via filter on get_the_excerpt --><!-- AddThis Share Buttons generic via filter on get_the_excerpt --><\/p>\n","protected":false},"author":16,"featured_media":38162,"comment_status":"open","ping_status":"open","sticky":false,"template":"","format":"standard","meta":{"_seopress_robots_primary_cat":"none","_seopress_titles_title":"","_seopress_titles_desc":"","_seopress_robots_index":"","_themeisle_gutenberg_block_has_review":false,"footnotes":""},"categories":[2,164,5,140],"tags":[],"class_list":["post-38160","post","type-post","status-publish","format-standard","has-post-thumbnail","hentry","category-actualidad","category-ambiente","category-economia","category-nacionales"],"_links":{"self":[{"href":"https:\/\/www.almargenweb.com.ar\/web\/wp-json\/wp\/v2\/posts\/38160","targetHints":{"allow":["GET"]}}],"collection":[{"href":"https:\/\/www.almargenweb.com.ar\/web\/wp-json\/wp\/v2\/posts"}],"about":[{"href":"https:\/\/www.almargenweb.com.ar\/web\/wp-json\/wp\/v2\/types\/post"}],"author":[{"embeddable":true,"href":"https:\/\/www.almargenweb.com.ar\/web\/wp-json\/wp\/v2\/users\/16"}],"replies":[{"embeddable":true,"href":"https:\/\/www.almargenweb.com.ar\/web\/wp-json\/wp\/v2\/comments?post=38160"}],"version-history":[{"count":1,"href":"https:\/\/www.almargenweb.com.ar\/web\/wp-json\/wp\/v2\/posts\/38160\/revisions"}],"predecessor-version":[{"id":38163,"href":"https:\/\/www.almargenweb.com.ar\/web\/wp-json\/wp\/v2\/posts\/38160\/revisions\/38163"}],"wp:featuredmedia":[{"embeddable":true,"href":"https:\/\/www.almargenweb.com.ar\/web\/wp-json\/wp\/v2\/media\/38162"}],"wp:attachment":[{"href":"https:\/\/www.almargenweb.com.ar\/web\/wp-json\/wp\/v2\/media?parent=38160"}],"wp:term":[{"taxonomy":"category","embeddable":true,"href":"https:\/\/www.almargenweb.com.ar\/web\/wp-json\/wp\/v2\/categories?post=38160"},{"taxonomy":"post_tag","embeddable":true,"href":"https:\/\/www.almargenweb.com.ar\/web\/wp-json\/wp\/v2\/tags?post=38160"}],"curies":[{"name":"wp","href":"https:\/\/api.w.org\/{rel}","templated":true}]}}