{"id":38120,"date":"2022-11-03T11:09:33","date_gmt":"2022-11-03T14:09:33","guid":{"rendered":"http:\/\/www.almargenweb.com.ar\/web\/?p=38120"},"modified":"2022-11-03T11:09:35","modified_gmt":"2022-11-03T14:09:35","slug":"rio-salado-aseguran-que-la-contaminacion-ya-es-una-amenaza-para-la-supervivencia-de-la-fauna-acuatica","status":"publish","type":"post","link":"https:\/\/www.almargenweb.com.ar\/web\/rio-salado-aseguran-que-la-contaminacion-ya-es-una-amenaza-para-la-supervivencia-de-la-fauna-acuatica\/","title":{"rendered":"R\u00edo Salado: aseguran que la contaminaci\u00f3n ya es una amenaza para la supervivencia de la fauna acu\u00e1tica"},"content":{"rendered":"\n<p>La cuenca baja del r\u00edo Salado recibe aguas residuales de actividades agr\u00edcolas, industriales y dom\u00e9sticas, lo que genera que cient\u00edficos hayan encontrado altos niveles de contaminaci\u00f3n por metales y agroqu\u00edmicos.<\/p>\n\n\n\n<p> Esto afecta a toda la vida relacionada con ese curso de agua, con las larvas de determinados anfibios y los peces como algunas de las especies m\u00e1s perjudicadas.<\/p>\n\n\n\n<p>En cuanto a los efectos de la contaminaci\u00f3n en las larvas de anfibios, los cient\u00edficos detectaron que causan mortalidad y disminuyen sus tasas de crecimiento y supervivencia.<\/p>\n\n\n\n<p>La investigaci\u00f3n es fruto de un trabajo multidisciplinar con las investigadoras de la Unsam Julieta Peluso y Carolina Aronzon, mientras que el an\u00e1lisis de los pesticidas estuvo a cargo de Virginia Aparicio del Inta Balcarce, una referente en el tema.<\/p>\n\n\n\n<p>Para profundizar sobre el grado de contaminaci\u00f3n de este curso de agua, los cient\u00edficos evaluaron la calidad de tres sitios de muestreo: el estero Culul\u00fa y el r\u00edo a la altura de la ciudad de Esperanza y de la ciudad de Santo Tom\u00e9.<\/p>\n\n\n\n<p>El paper cient\u00edfico puntualiza que la expansi\u00f3n de las \u00e1reas urbanas, agr\u00edcolas e industriales alrededor de los r\u00edos \u201ces una preocupaci\u00f3n mundial\u201d y Am\u00e9rica del Sur no es la excepci\u00f3n a eso, ya que es una regi\u00f3n en la cual tanto los bosques nativos como los humedales han sido alterados y han perdido grandes superficies, por presi\u00f3n de esos sectores econ\u00f3micos y productivos.<\/p>\n\n\n\n<p>Asimismo, los cultivos transg\u00e9nicos como la soja, aumentaron la dependencia de los pesticidas qu\u00edmicos y se convirtieron en uno de los desaf\u00edos m\u00e1s apremiantes para el mundo\u201d explica el documento.<\/p>\n\n\n\n<figure class=\"wp-block-image size-large\"><img loading=\"lazy\" decoding=\"async\" width=\"1024\" height=\"576\" src=\"https:\/\/www.almargenweb.com.ar\/web\/wp-content\/uploads\/2022\/11\/rio-salado-_-ph-maiquel-torcatt-1jpg-1024x576.jpg\" alt=\"\" class=\"wp-image-38122\" srcset=\"https:\/\/www.almargenweb.com.ar\/web\/wp-content\/uploads\/2022\/11\/rio-salado-_-ph-maiquel-torcatt-1jpg-1024x576.jpg 1024w, https:\/\/www.almargenweb.com.ar\/web\/wp-content\/uploads\/2022\/11\/rio-salado-_-ph-maiquel-torcatt-1jpg-300x169.jpg 300w, https:\/\/www.almargenweb.com.ar\/web\/wp-content\/uploads\/2022\/11\/rio-salado-_-ph-maiquel-torcatt-1jpg-768x432.jpg 768w, https:\/\/www.almargenweb.com.ar\/web\/wp-content\/uploads\/2022\/11\/rio-salado-_-ph-maiquel-torcatt-1jpg.jpg 1200w\" sizes=\"auto, (max-width: 1024px) 100vw, 1024px\" \/><figcaption>Los cient\u00edficos evaluaron la calidad de tres sitios de muestreo: el estero Culul\u00fa y el r\u00edo a la altura de la ciudad de Esperanza y de la ciudad de Santo Tom\u00e9.<\/figcaption><\/figure>\n\n\n\n<p>La cuenca baja del Salado, afluente del r\u00edo Paran\u00e1 medio, atraviesa regiones industriales, agr\u00edcolas y urbanas del norte argentino y ya existen estudios previos en aguas y sedimentos de esta cuenca que determinaron la presencia de metales como cromo, cobre, hierro y manganeso y de plaguicidas como el glifosato, atrazina y 2,4-D.<\/p>\n\n\n\n<p>Seg\u00fan explica la investigaci\u00f3n, el \u00edndice de calidad del agua \u201cmostr\u00f3 una calidad marginal para todos los sitios\u201d, influenciado principalmente por bajos niveles de ox\u00edgeno disuelto y altos niveles de s\u00f3lidos suspendidos totales.<\/p>\n\n\n\n<p>Seg\u00fan puntualizaron los especialistas en su trabajo de investigaci\u00f3n \u201cla actividad agr\u00edcola es la principal fuente de contaminaci\u00f3n\u201d por el uso masivo de plaguicidas, que luego de su aplicaci\u00f3n en las zonas agr\u00edcolas \u201cson transportados hasta los ecosistemas acu\u00e1ticos\u201d donde terminan afectando su calidad.<\/p>\n<!-- AddThis Advanced Settings generic via filter on the_content --><!-- AddThis Share Buttons generic via filter on the_content -->","protected":false},"excerpt":{"rendered":"<p>La cuenca baja del r\u00edo Salado recibe aguas residuales de actividades agr\u00edcolas, industriales y dom\u00e9sticas, lo [&hellip;]<!-- AddThis Advanced Settings generic via filter on get_the_excerpt --><!-- AddThis Share Buttons generic via filter on get_the_excerpt --><\/p>\n","protected":false},"author":16,"featured_media":38123,"comment_status":"open","ping_status":"open","sticky":false,"template":"","format":"standard","meta":{"_seopress_robots_primary_cat":"none","_seopress_titles_title":"","_seopress_titles_desc":"","_seopress_robots_index":"","_themeisle_gutenberg_block_has_review":false,"footnotes":""},"categories":[2,164,20,21,15],"tags":[],"class_list":["post-38120","post","type-post","status-publish","format-standard","has-post-thumbnail","hentry","category-actualidad","category-ambiente","category-departamentales","category-las-colonias","category-salud"],"_links":{"self":[{"href":"https:\/\/www.almargenweb.com.ar\/web\/wp-json\/wp\/v2\/posts\/38120","targetHints":{"allow":["GET"]}}],"collection":[{"href":"https:\/\/www.almargenweb.com.ar\/web\/wp-json\/wp\/v2\/posts"}],"about":[{"href":"https:\/\/www.almargenweb.com.ar\/web\/wp-json\/wp\/v2\/types\/post"}],"author":[{"embeddable":true,"href":"https:\/\/www.almargenweb.com.ar\/web\/wp-json\/wp\/v2\/users\/16"}],"replies":[{"embeddable":true,"href":"https:\/\/www.almargenweb.com.ar\/web\/wp-json\/wp\/v2\/comments?post=38120"}],"version-history":[{"count":1,"href":"https:\/\/www.almargenweb.com.ar\/web\/wp-json\/wp\/v2\/posts\/38120\/revisions"}],"predecessor-version":[{"id":38124,"href":"https:\/\/www.almargenweb.com.ar\/web\/wp-json\/wp\/v2\/posts\/38120\/revisions\/38124"}],"wp:featuredmedia":[{"embeddable":true,"href":"https:\/\/www.almargenweb.com.ar\/web\/wp-json\/wp\/v2\/media\/38123"}],"wp:attachment":[{"href":"https:\/\/www.almargenweb.com.ar\/web\/wp-json\/wp\/v2\/media?parent=38120"}],"wp:term":[{"taxonomy":"category","embeddable":true,"href":"https:\/\/www.almargenweb.com.ar\/web\/wp-json\/wp\/v2\/categories?post=38120"},{"taxonomy":"post_tag","embeddable":true,"href":"https:\/\/www.almargenweb.com.ar\/web\/wp-json\/wp\/v2\/tags?post=38120"}],"curies":[{"name":"wp","href":"https:\/\/api.w.org\/{rel}","templated":true}]}}