{"id":38110,"date":"2022-11-03T08:48:14","date_gmt":"2022-11-03T11:48:14","guid":{"rendered":"http:\/\/www.almargenweb.com.ar\/web\/?p=38110"},"modified":"2022-11-03T08:48:16","modified_gmt":"2022-11-03T11:48:16","slug":"desde-las-cero-horas-de-este-jueves-ypf-aumento-el-precio-de-sus-combustibles","status":"publish","type":"post","link":"https:\/\/www.almargenweb.com.ar\/web\/desde-las-cero-horas-de-este-jueves-ypf-aumento-el-precio-de-sus-combustibles\/","title":{"rendered":"Desde las cero horas de este jueves YPF aument\u00f3 el precio de sus combustibles"},"content":{"rendered":"\n<p>Es el quinto incremento del a\u00f1o para las naftas y el sexto para el gasoil. Se espera que las otras marcas del mercado repliquen la medida.<\/p>\n\n\n\n<p><br>Por quinta vez en lo que va del a\u00f1o subieron los precios de los combustibles: desde las 0 horas del jueves 3 de noviembre YPF aument\u00f3 el valor de sus naftas y tipos de gasoil un 6% promedio en todo el pa\u00eds. <\/p>\n\n\n\n<p>La medida se tom\u00f3, seg\u00fan se pudo saber, \u201cen funci\u00f3n de la evoluci\u00f3n de las variables que inciden en la formaci\u00f3n de los precios de los combustibles\u201d.<\/p>\n<!-- AddThis Advanced Settings generic via filter on the_content --><!-- AddThis Share Buttons generic via filter on the_content -->","protected":false},"excerpt":{"rendered":"<p>Es el quinto incremento del a\u00f1o para las naftas y el sexto para el gasoil. Se [&hellip;]<!-- AddThis Advanced Settings generic via filter on get_the_excerpt --><!-- AddThis Share Buttons generic via filter on get_the_excerpt --><\/p>\n","protected":false},"author":16,"featured_media":38113,"comment_status":"open","ping_status":"open","sticky":false,"template":"","format":"standard","meta":{"_seopress_robots_primary_cat":"none","_seopress_titles_title":"","_seopress_titles_desc":"","_seopress_robots_index":"","_themeisle_gutenberg_block_has_review":false,"footnotes":""},"categories":[2,5],"tags":[],"class_list":["post-38110","post","type-post","status-publish","format-standard","has-post-thumbnail","hentry","category-actualidad","category-economia"],"_links":{"self":[{"href":"https:\/\/www.almargenweb.com.ar\/web\/wp-json\/wp\/v2\/posts\/38110","targetHints":{"allow":["GET"]}}],"collection":[{"href":"https:\/\/www.almargenweb.com.ar\/web\/wp-json\/wp\/v2\/posts"}],"about":[{"href":"https:\/\/www.almargenweb.com.ar\/web\/wp-json\/wp\/v2\/types\/post"}],"author":[{"embeddable":true,"href":"https:\/\/www.almargenweb.com.ar\/web\/wp-json\/wp\/v2\/users\/16"}],"replies":[{"embeddable":true,"href":"https:\/\/www.almargenweb.com.ar\/web\/wp-json\/wp\/v2\/comments?post=38110"}],"version-history":[{"count":1,"href":"https:\/\/www.almargenweb.com.ar\/web\/wp-json\/wp\/v2\/posts\/38110\/revisions"}],"predecessor-version":[{"id":38114,"href":"https:\/\/www.almargenweb.com.ar\/web\/wp-json\/wp\/v2\/posts\/38110\/revisions\/38114"}],"wp:featuredmedia":[{"embeddable":true,"href":"https:\/\/www.almargenweb.com.ar\/web\/wp-json\/wp\/v2\/media\/38113"}],"wp:attachment":[{"href":"https:\/\/www.almargenweb.com.ar\/web\/wp-json\/wp\/v2\/media?parent=38110"}],"wp:term":[{"taxonomy":"category","embeddable":true,"href":"https:\/\/www.almargenweb.com.ar\/web\/wp-json\/wp\/v2\/categories?post=38110"},{"taxonomy":"post_tag","embeddable":true,"href":"https:\/\/www.almargenweb.com.ar\/web\/wp-json\/wp\/v2\/tags?post=38110"}],"curies":[{"name":"wp","href":"https:\/\/api.w.org\/{rel}","templated":true}]}}