{"id":38099,"date":"2022-11-02T11:31:52","date_gmt":"2022-11-02T14:31:52","guid":{"rendered":"http:\/\/www.almargenweb.com.ar\/web\/?p=38099"},"modified":"2022-11-02T11:31:53","modified_gmt":"2022-11-02T14:31:53","slug":"se-aprobo-un-proyecto-impulsado-por-rodrigo-muller-sobre-seguimiento-a-menores-en-conflicto-con-la-ley-penal","status":"publish","type":"post","link":"https:\/\/www.almargenweb.com.ar\/web\/se-aprobo-un-proyecto-impulsado-por-rodrigo-muller-sobre-seguimiento-a-menores-en-conflicto-con-la-ley-penal\/","title":{"rendered":"Se aprob\u00f3 un proyecto impulsado por Rodrigo M\u00fcller, sobre seguimiento a menores en conflicto con la Ley Penal."},"content":{"rendered":"\n<p>Nuestros ni\u00f1os y ni\u00f1as adolescentes son sujetos de derecho. Tienen identidad y sobre todo futuro y el futuro depende much\u00edsimo del Estado que ac\u00e1 va a estar y seguir estando\u201d.<\/p>\n\n\n\n<p><br>A trav\u00e9s de este programa se trata, de garantizar que se cumplan derechos de ni\u00f1os, ni\u00f1as y adolescentes\u201d. La idea es cambiar el paradigma logrando la contenci\u00f3n y\/o seguimiento social de adolescentes y ni\u00f1os menores entre 14 y los 18 a\u00f1os de la ciudad de Esperanza que entren en conflicto con Ley Penal o Contravencional por primera vez, a los efectos de evitar que caigan nuevamente en esa situaci\u00f3n.<\/p>\n\n\n\n<p><br>La Ordenanza crea un Programa de Supervisi\u00f3n en Territorio: que comprenda el monitoreo, acompa\u00f1amiento y la supervisi\u00f3n de ni\u00f1os y adolescente en territorio, dentro de su red social, familiar y comunitaria.<\/p>\n\n\n\n<figure class=\"wp-block-image size-large\"><img loading=\"lazy\" decoding=\"async\" width=\"1024\" height=\"683\" src=\"https:\/\/www.almargenweb.com.ar\/web\/wp-content\/uploads\/2022\/11\/WhatsApp-Image-2022-06-22-at-9.30.30-AM-1-1-1024x683.jpeg\" alt=\"\" class=\"wp-image-38102\" srcset=\"https:\/\/www.almargenweb.com.ar\/web\/wp-content\/uploads\/2022\/11\/WhatsApp-Image-2022-06-22-at-9.30.30-AM-1-1-1024x683.jpeg 1024w, https:\/\/www.almargenweb.com.ar\/web\/wp-content\/uploads\/2022\/11\/WhatsApp-Image-2022-06-22-at-9.30.30-AM-1-1-300x200.jpeg 300w, https:\/\/www.almargenweb.com.ar\/web\/wp-content\/uploads\/2022\/11\/WhatsApp-Image-2022-06-22-at-9.30.30-AM-1-1-768x512.jpeg 768w, https:\/\/www.almargenweb.com.ar\/web\/wp-content\/uploads\/2022\/11\/WhatsApp-Image-2022-06-22-at-9.30.30-AM-1-1.jpeg 1200w\" sizes=\"auto, (max-width: 1024px) 100vw, 1024px\" \/><figcaption>La ordenanza impulsada por M\u00fcller, propone un Programa de Supervisi\u00f3n en Territorio que comprenda el monitoreo, acompa\u00f1amiento y la supervisi\u00f3n de ni\u00f1os y adolescente en territorio, dentro de su red social, familiar y comunitaria.<\/figcaption><\/figure>\n\n\n\n<p>El objetivo es revincular a ni\u00f1os, ni\u00f1as y adolescentes en la elaboraci\u00f3n de un proyecto de vida que los aleje del \u00e1mbito penal y promueva su inclusi\u00f3n en la comunidad. El Programa tendera a establecer un seguimiento de los ni\u00f1os y adolescentes que ingresen a algunas dependencias policial.<\/p>\n\n\n\n<p>Se prev\u00e9 que se elabore un diagn\u00f3stico y una estrategia de intervenci\u00f3n para cada caso particular del ni\u00f1o\/a y\/o adolescente y se realizan diferentes actividades que el destinatario pueda contar con herramientas para su desarrollo individual y social, y pueda insertarse al mercado laboral volviendo a revalorizar la cultura del trabajo, intentando as\u00ed reducir las conductas violentas y\/o delictivas\u201d.<\/p>\n<!-- AddThis Advanced Settings generic via filter on the_content --><!-- AddThis Share Buttons generic via filter on the_content -->","protected":false},"excerpt":{"rendered":"<p>Nuestros ni\u00f1os y ni\u00f1as adolescentes son sujetos de derecho. Tienen identidad y sobre todo futuro y [&hellip;]<!-- AddThis Advanced Settings generic via filter on get_the_excerpt --><!-- AddThis Share Buttons generic via filter on get_the_excerpt --><\/p>\n","protected":false},"author":16,"featured_media":38101,"comment_status":"open","ping_status":"open","sticky":false,"template":"","format":"standard","meta":{"_seopress_robots_primary_cat":"none","_seopress_titles_title":"","_seopress_titles_desc":"","_seopress_robots_index":"","_themeisle_gutenberg_block_has_review":false,"footnotes":""},"categories":[2,164,21,9,29],"tags":[],"class_list":["post-38099","post","type-post","status-publish","format-standard","has-post-thumbnail","hentry","category-actualidad","category-ambiente","category-las-colonias","category-politica","category-regionales"],"_links":{"self":[{"href":"https:\/\/www.almargenweb.com.ar\/web\/wp-json\/wp\/v2\/posts\/38099","targetHints":{"allow":["GET"]}}],"collection":[{"href":"https:\/\/www.almargenweb.com.ar\/web\/wp-json\/wp\/v2\/posts"}],"about":[{"href":"https:\/\/www.almargenweb.com.ar\/web\/wp-json\/wp\/v2\/types\/post"}],"author":[{"embeddable":true,"href":"https:\/\/www.almargenweb.com.ar\/web\/wp-json\/wp\/v2\/users\/16"}],"replies":[{"embeddable":true,"href":"https:\/\/www.almargenweb.com.ar\/web\/wp-json\/wp\/v2\/comments?post=38099"}],"version-history":[{"count":1,"href":"https:\/\/www.almargenweb.com.ar\/web\/wp-json\/wp\/v2\/posts\/38099\/revisions"}],"predecessor-version":[{"id":38103,"href":"https:\/\/www.almargenweb.com.ar\/web\/wp-json\/wp\/v2\/posts\/38099\/revisions\/38103"}],"wp:featuredmedia":[{"embeddable":true,"href":"https:\/\/www.almargenweb.com.ar\/web\/wp-json\/wp\/v2\/media\/38101"}],"wp:attachment":[{"href":"https:\/\/www.almargenweb.com.ar\/web\/wp-json\/wp\/v2\/media?parent=38099"}],"wp:term":[{"taxonomy":"category","embeddable":true,"href":"https:\/\/www.almargenweb.com.ar\/web\/wp-json\/wp\/v2\/categories?post=38099"},{"taxonomy":"post_tag","embeddable":true,"href":"https:\/\/www.almargenweb.com.ar\/web\/wp-json\/wp\/v2\/tags?post=38099"}],"curies":[{"name":"wp","href":"https:\/\/api.w.org\/{rel}","templated":true}]}}