{"id":38077,"date":"2022-10-31T12:23:43","date_gmt":"2022-10-31T15:23:43","guid":{"rendered":"http:\/\/www.almargenweb.com.ar\/web\/?p=38077"},"modified":"2022-10-31T12:23:45","modified_gmt":"2022-10-31T15:23:45","slug":"nueva-jornada-de-hemodonacion-en-el-campus-fave","status":"publish","type":"post","link":"https:\/\/www.almargenweb.com.ar\/web\/nueva-jornada-de-hemodonacion-en-el-campus-fave\/","title":{"rendered":"Nueva jornada de Hemodonaci\u00f3n en el Campus FAVE"},"content":{"rendered":"\n<p>Se trata de una iniciativa impulsada por la Universidad y CUDAIO programada para el martes 1, en el horario de 8 a 12, en el Centro de Salud del predio de la Fave, de la ciudad de Esperanza.<\/p>\n\n\n\n<p>Para participar como donante es preciso completar la planilla publicada en <a href=\"https:\/\/cudaio.gob.ar\/colectas-sangre\/\" target=\"_blank\" rel=\"noreferrer noopener\">cudaio.gob.ar\/colectas-sangre\/.<\/a><\/p>\n\n\n\n<p>Para donar son requisitos b\u00e1sicos: desayunar evitando grasas y l\u00e1cteos en general, pesar m\u00e1s de 50 kg y concurrir con DNI. Cabe aclarar que, en el caso de tatuajes y\/o piercing: transcurridos los 12 meses se puede donar sangre.<\/p>\n\n\n\n<p> Durante la jornada de donaci\u00f3n, los organizadores garantizar\u00e1n las medidas de seguridad sanitarias a donantes y al personal de salud. <\/p>\n\n\n\n<p><\/p>\n<!-- AddThis Advanced Settings generic via filter on the_content --><!-- AddThis Share Buttons generic via filter on the_content -->","protected":false},"excerpt":{"rendered":"<p>Se trata de una iniciativa impulsada por la Universidad y CUDAIO programada para el martes 1, [&hellip;]<!-- AddThis Advanced Settings generic via filter on get_the_excerpt --><!-- AddThis Share Buttons generic via filter on get_the_excerpt --><\/p>\n","protected":false},"author":16,"featured_media":38079,"comment_status":"open","ping_status":"open","sticky":false,"template":"","format":"standard","meta":{"_seopress_robots_primary_cat":"none","_seopress_titles_title":"","_seopress_titles_desc":"","_seopress_robots_index":"","_themeisle_gutenberg_block_has_review":false,"footnotes":""},"categories":[2,164,19,21,29,15],"tags":[],"class_list":["post-38077","post","type-post","status-publish","format-standard","has-post-thumbnail","hentry","category-actualidad","category-ambiente","category-educacion","category-las-colonias","category-regionales","category-salud"],"_links":{"self":[{"href":"https:\/\/www.almargenweb.com.ar\/web\/wp-json\/wp\/v2\/posts\/38077","targetHints":{"allow":["GET"]}}],"collection":[{"href":"https:\/\/www.almargenweb.com.ar\/web\/wp-json\/wp\/v2\/posts"}],"about":[{"href":"https:\/\/www.almargenweb.com.ar\/web\/wp-json\/wp\/v2\/types\/post"}],"author":[{"embeddable":true,"href":"https:\/\/www.almargenweb.com.ar\/web\/wp-json\/wp\/v2\/users\/16"}],"replies":[{"embeddable":true,"href":"https:\/\/www.almargenweb.com.ar\/web\/wp-json\/wp\/v2\/comments?post=38077"}],"version-history":[{"count":1,"href":"https:\/\/www.almargenweb.com.ar\/web\/wp-json\/wp\/v2\/posts\/38077\/revisions"}],"predecessor-version":[{"id":38080,"href":"https:\/\/www.almargenweb.com.ar\/web\/wp-json\/wp\/v2\/posts\/38077\/revisions\/38080"}],"wp:featuredmedia":[{"embeddable":true,"href":"https:\/\/www.almargenweb.com.ar\/web\/wp-json\/wp\/v2\/media\/38079"}],"wp:attachment":[{"href":"https:\/\/www.almargenweb.com.ar\/web\/wp-json\/wp\/v2\/media?parent=38077"}],"wp:term":[{"taxonomy":"category","embeddable":true,"href":"https:\/\/www.almargenweb.com.ar\/web\/wp-json\/wp\/v2\/categories?post=38077"},{"taxonomy":"post_tag","embeddable":true,"href":"https:\/\/www.almargenweb.com.ar\/web\/wp-json\/wp\/v2\/tags?post=38077"}],"curies":[{"name":"wp","href":"https:\/\/api.w.org\/{rel}","templated":true}]}}