{"id":38059,"date":"2022-10-27T12:11:39","date_gmt":"2022-10-27T15:11:39","guid":{"rendered":"http:\/\/www.almargenweb.com.ar\/web\/?p=38059"},"modified":"2022-10-27T12:11:40","modified_gmt":"2022-10-27T15:11:40","slug":"san-carlos-sud-detalles-sobre-el-refuerzo-alimentario-para-adultos-sin-ingresos","status":"publish","type":"post","link":"https:\/\/www.almargenweb.com.ar\/web\/san-carlos-sud-detalles-sobre-el-refuerzo-alimentario-para-adultos-sin-ingresos\/","title":{"rendered":"San Carlos Sud: detalles sobre el refuerzo alimentario para adultos sin ingresos"},"content":{"rendered":"\n<p>Desde el Municipio brindaron detalles sobre el plan alimentario que esta dirigido a personas de entre 18 a 64 a\u00f1os que se encuentran en condiciones de extrema vulnerabilidad.<\/p>\n\n\n\n<p>Para acceder a este benefio, es condicion que las personas no cuenten con ning\u00fan tipo de ingreso y no cobren ninguna prestaci\u00f3n, asignaci\u00f3n o programa social del Estado nacional, provincial o municipal.<\/p>\n\n\n\n<p>Seg\u00fan este detalle, podran acceder las personas que no tengan:<\/p>\n\n\n\n<p>-Trabajo registrado (en relaci\u00f3n de dependencia, aut\u00f3nomos, de casas particulares, monotributistas y monotributistas sociales)<\/p>\n\n\n\n<p>-Jubilaciones y\/o pensiones contributivas o no contributivas (tanto nacionales como provinciales y municipales)<\/p>\n\n\n\n<p>No podr\u00e1n inscribirse quienes perciban:<\/p>\n\n\n\n<p>-Prestaci\u00f3n por Desempleo<\/p>\n\n\n\n<p>-Potenciar Trabajo<\/p>\n\n\n\n<p>-Beca Progresar<\/p>\n\n\n\n<p>-Asignaci\u00f3n por Embarazo para Protecci\u00f3n Social<\/p>\n\n\n\n<p>-Programas Sociales (tanto nacionales como provinciales o municipales) o quienes tengan hijas y\/o hijos que perciban la Asignaci\u00f3n Universal por Hija e Hijo o Salario Familiar<\/p>\n\n\n\n<p>Asimismo, las personas que se inscriban deber\u00e1n completar una declaraci\u00f3n jurada, que ser\u00e1 evaluada junto a sus consumos, bienes y patrimonio<\/p>\n<!-- AddThis Advanced Settings generic via filter on the_content --><!-- AddThis Share Buttons generic via filter on the_content -->","protected":false},"excerpt":{"rendered":"<p>Desde el Municipio brindaron detalles sobre el plan alimentario que esta dirigido a personas de entre [&hellip;]<!-- AddThis Advanced Settings generic via filter on get_the_excerpt --><!-- AddThis Share Buttons generic via filter on get_the_excerpt --><\/p>\n","protected":false},"author":16,"featured_media":38061,"comment_status":"open","ping_status":"open","sticky":false,"template":"","format":"standard","meta":{"_seopress_robots_primary_cat":"none","_seopress_titles_title":"","_seopress_titles_desc":"","_seopress_robots_index":"","_themeisle_gutenberg_block_has_review":false,"footnotes":""},"categories":[2,164,21],"tags":[],"class_list":["post-38059","post","type-post","status-publish","format-standard","has-post-thumbnail","hentry","category-actualidad","category-ambiente","category-las-colonias"],"_links":{"self":[{"href":"https:\/\/www.almargenweb.com.ar\/web\/wp-json\/wp\/v2\/posts\/38059","targetHints":{"allow":["GET"]}}],"collection":[{"href":"https:\/\/www.almargenweb.com.ar\/web\/wp-json\/wp\/v2\/posts"}],"about":[{"href":"https:\/\/www.almargenweb.com.ar\/web\/wp-json\/wp\/v2\/types\/post"}],"author":[{"embeddable":true,"href":"https:\/\/www.almargenweb.com.ar\/web\/wp-json\/wp\/v2\/users\/16"}],"replies":[{"embeddable":true,"href":"https:\/\/www.almargenweb.com.ar\/web\/wp-json\/wp\/v2\/comments?post=38059"}],"version-history":[{"count":1,"href":"https:\/\/www.almargenweb.com.ar\/web\/wp-json\/wp\/v2\/posts\/38059\/revisions"}],"predecessor-version":[{"id":38062,"href":"https:\/\/www.almargenweb.com.ar\/web\/wp-json\/wp\/v2\/posts\/38059\/revisions\/38062"}],"wp:featuredmedia":[{"embeddable":true,"href":"https:\/\/www.almargenweb.com.ar\/web\/wp-json\/wp\/v2\/media\/38061"}],"wp:attachment":[{"href":"https:\/\/www.almargenweb.com.ar\/web\/wp-json\/wp\/v2\/media?parent=38059"}],"wp:term":[{"taxonomy":"category","embeddable":true,"href":"https:\/\/www.almargenweb.com.ar\/web\/wp-json\/wp\/v2\/categories?post=38059"},{"taxonomy":"post_tag","embeddable":true,"href":"https:\/\/www.almargenweb.com.ar\/web\/wp-json\/wp\/v2\/tags?post=38059"}],"curies":[{"name":"wp","href":"https:\/\/api.w.org\/{rel}","templated":true}]}}