{"id":38045,"date":"2022-10-25T11:08:27","date_gmt":"2022-10-25T14:08:27","guid":{"rendered":"http:\/\/www.almargenweb.com.ar\/web\/?p=38045"},"modified":"2022-10-25T11:08:28","modified_gmt":"2022-10-25T14:08:28","slug":"barreras-en-alto-este-martes-no-se-cobrara-peaje-en-las-rutas-de-todo-el-pais","status":"publish","type":"post","link":"https:\/\/www.almargenweb.com.ar\/web\/barreras-en-alto-este-martes-no-se-cobrara-peaje-en-las-rutas-de-todo-el-pais\/","title":{"rendered":"Barreras en alto: este martes no se cobrar\u00e1 peaje en las rutas de todo el pa\u00eds"},"content":{"rendered":"\n<p>El Sindicato \u00danico de Trabajadores de los Peajes y Afines (Sutpa) levant\u00f3 las barreras en las principales autopistas y rutas de todo el pa\u00eds. Realizar\u00e1n una movilizaci\u00f3n al Ministerio de Trabajo al mediod\u00eda, reclamando mejoras salariales.<\/p>\n\n\n\n<p>La medida de fuerza fue dada a conocer a trav\u00e9s de un comunicado del gremio y en el escrito adem\u00e1s se cuestiona a las autoridades nacionales, a la vez que se reclama el pago del aumento que se acord\u00f3 en las \u00faltimas paritarias y \u201cuna adecuada reconversi\u00f3n laboral\u201d ante el avance de la tecnolog\u00eda.<\/p>\n\n\n\n<p><\/p>\n<!-- AddThis Advanced Settings generic via filter on the_content --><!-- AddThis Share Buttons generic via filter on the_content -->","protected":false},"excerpt":{"rendered":"<p>El Sindicato \u00danico de Trabajadores de los Peajes y Afines (Sutpa) levant\u00f3 las barreras en las [&hellip;]<!-- AddThis Advanced Settings generic via filter on get_the_excerpt --><!-- AddThis Share Buttons generic via filter on get_the_excerpt --><\/p>\n","protected":false},"author":16,"featured_media":38047,"comment_status":"open","ping_status":"open","sticky":false,"template":"","format":"standard","meta":{"_seopress_robots_primary_cat":"none","_seopress_titles_title":"","_seopress_titles_desc":"","_seopress_robots_index":"","_themeisle_gutenberg_block_has_review":false,"footnotes":""},"categories":[2,164],"tags":[],"class_list":["post-38045","post","type-post","status-publish","format-standard","has-post-thumbnail","hentry","category-actualidad","category-ambiente"],"_links":{"self":[{"href":"https:\/\/www.almargenweb.com.ar\/web\/wp-json\/wp\/v2\/posts\/38045","targetHints":{"allow":["GET"]}}],"collection":[{"href":"https:\/\/www.almargenweb.com.ar\/web\/wp-json\/wp\/v2\/posts"}],"about":[{"href":"https:\/\/www.almargenweb.com.ar\/web\/wp-json\/wp\/v2\/types\/post"}],"author":[{"embeddable":true,"href":"https:\/\/www.almargenweb.com.ar\/web\/wp-json\/wp\/v2\/users\/16"}],"replies":[{"embeddable":true,"href":"https:\/\/www.almargenweb.com.ar\/web\/wp-json\/wp\/v2\/comments?post=38045"}],"version-history":[{"count":1,"href":"https:\/\/www.almargenweb.com.ar\/web\/wp-json\/wp\/v2\/posts\/38045\/revisions"}],"predecessor-version":[{"id":38048,"href":"https:\/\/www.almargenweb.com.ar\/web\/wp-json\/wp\/v2\/posts\/38045\/revisions\/38048"}],"wp:featuredmedia":[{"embeddable":true,"href":"https:\/\/www.almargenweb.com.ar\/web\/wp-json\/wp\/v2\/media\/38047"}],"wp:attachment":[{"href":"https:\/\/www.almargenweb.com.ar\/web\/wp-json\/wp\/v2\/media?parent=38045"}],"wp:term":[{"taxonomy":"category","embeddable":true,"href":"https:\/\/www.almargenweb.com.ar\/web\/wp-json\/wp\/v2\/categories?post=38045"},{"taxonomy":"post_tag","embeddable":true,"href":"https:\/\/www.almargenweb.com.ar\/web\/wp-json\/wp\/v2\/tags?post=38045"}],"curies":[{"name":"wp","href":"https:\/\/api.w.org\/{rel}","templated":true}]}}