{"id":38041,"date":"2022-10-24T11:31:35","date_gmt":"2022-10-24T14:31:35","guid":{"rendered":"http:\/\/www.almargenweb.com.ar\/web\/?p=38041"},"modified":"2022-10-24T11:31:37","modified_gmt":"2022-10-24T14:31:37","slug":"crisis-verdulera-el-precio-de-la-papa-se-dispara-y-en-un-mes-sube-100","status":"publish","type":"post","link":"https:\/\/www.almargenweb.com.ar\/web\/crisis-verdulera-el-precio-de-la-papa-se-dispara-y-en-un-mes-sube-100\/","title":{"rendered":"Crisis verdulera: el precio de la papa se dispara y en un mes sube 100%"},"content":{"rendered":"\n<p>El precio del kilo de papa subi\u00f3 aproximadamente el 100%, en lo que va de octubre respecto de septiembre, dato que surge de comparar el valor que marca el Instituto Nacional de Estad\u00edstica y Censos (INDEC) con lo que se est\u00e1 comercializando en las verduler\u00edas y los supermercados. <\/p>\n\n\n\n<p>De acuerdo con el organismo que conduce Marco Lavagna, el mes pasado en promedio el kilo del producto se comercializ\u00f3 a $142 mientras que ahora peg\u00f3 un salto hasta el en el orden de los $300, en incluso m\u00e1s.<\/p>\n\n\n\n<p>Tambien se agreg\u00f3 una suba de costos de agroqu\u00edmicos y fertilizantes que hizo que no haya incentivos, porque como el precio de la papa en general est\u00e1 a la baja, provoc\u00f3 que muchos decidieran disminuir la siembra.<\/p>\n<!-- AddThis Advanced Settings generic via filter on the_content --><!-- AddThis Share Buttons generic via filter on the_content -->","protected":false},"excerpt":{"rendered":"<p>El precio del kilo de papa subi\u00f3 aproximadamente el 100%, en lo que va de octubre [&hellip;]<!-- AddThis Advanced Settings generic via filter on get_the_excerpt --><!-- AddThis Share Buttons generic via filter on get_the_excerpt --><\/p>\n","protected":false},"author":16,"featured_media":38043,"comment_status":"open","ping_status":"open","sticky":false,"template":"","format":"standard","meta":{"_seopress_robots_primary_cat":"none","_seopress_titles_title":"","_seopress_titles_desc":"","_seopress_robots_index":"","_themeisle_gutenberg_block_has_review":false,"footnotes":""},"categories":[2,164,5],"tags":[],"class_list":["post-38041","post","type-post","status-publish","format-standard","has-post-thumbnail","hentry","category-actualidad","category-ambiente","category-economia"],"_links":{"self":[{"href":"https:\/\/www.almargenweb.com.ar\/web\/wp-json\/wp\/v2\/posts\/38041","targetHints":{"allow":["GET"]}}],"collection":[{"href":"https:\/\/www.almargenweb.com.ar\/web\/wp-json\/wp\/v2\/posts"}],"about":[{"href":"https:\/\/www.almargenweb.com.ar\/web\/wp-json\/wp\/v2\/types\/post"}],"author":[{"embeddable":true,"href":"https:\/\/www.almargenweb.com.ar\/web\/wp-json\/wp\/v2\/users\/16"}],"replies":[{"embeddable":true,"href":"https:\/\/www.almargenweb.com.ar\/web\/wp-json\/wp\/v2\/comments?post=38041"}],"version-history":[{"count":1,"href":"https:\/\/www.almargenweb.com.ar\/web\/wp-json\/wp\/v2\/posts\/38041\/revisions"}],"predecessor-version":[{"id":38044,"href":"https:\/\/www.almargenweb.com.ar\/web\/wp-json\/wp\/v2\/posts\/38041\/revisions\/38044"}],"wp:featuredmedia":[{"embeddable":true,"href":"https:\/\/www.almargenweb.com.ar\/web\/wp-json\/wp\/v2\/media\/38043"}],"wp:attachment":[{"href":"https:\/\/www.almargenweb.com.ar\/web\/wp-json\/wp\/v2\/media?parent=38041"}],"wp:term":[{"taxonomy":"category","embeddable":true,"href":"https:\/\/www.almargenweb.com.ar\/web\/wp-json\/wp\/v2\/categories?post=38041"},{"taxonomy":"post_tag","embeddable":true,"href":"https:\/\/www.almargenweb.com.ar\/web\/wp-json\/wp\/v2\/tags?post=38041"}],"curies":[{"name":"wp","href":"https:\/\/api.w.org\/{rel}","templated":true}]}}