{"id":38033,"date":"2022-10-21T23:52:35","date_gmt":"2022-10-22T02:52:35","guid":{"rendered":"http:\/\/www.almargenweb.com.ar\/web\/?p=38033"},"modified":"2022-10-21T23:52:37","modified_gmt":"2022-10-22T02:52:37","slug":"muller-quiere-saber-el-avance-de-estudio-de-movilidad-que-aprobo-el-concejo","status":"publish","type":"post","link":"https:\/\/www.almargenweb.com.ar\/web\/muller-quiere-saber-el-avance-de-estudio-de-movilidad-que-aprobo-el-concejo\/","title":{"rendered":"M\u00fcller quiere saber el avance de Estudio de Movilidad que aprob\u00f3 el Concejo"},"content":{"rendered":"\n<p>El Concejo Municipal aprob\u00f3 la resoluci\u00f3n para que se concrete un estudio de Movilidad de la Ciudad. \u201cSe trata de un paso necesario para planificar un sistema de transporte urbano que mejore el tr\u00e1nsito de Esperanza\u201d, expres\u00f3 el edil radical.<\/p>\n\n\n\n<p>El Concejo Municipal aprob\u00f3 un proyecto presentado por Rodrigo M\u00fcller y le ordeno al Ejecutivo Municipal el 28 de Abril de 2022, la realizaci\u00f3n de un estudio integral de movilidad para la ciudad de Esperanza, que incluye a peatones, motos, autos, colectivos, entre otros, con el objetivo de contar con datos base e informaci\u00f3n actualizada sobre la movilidad habitual de nuestra poblaci\u00f3n. Pasaron varios meses y todav\u00eda no recibimos el informe respectivo.<\/p>\n\n\n\n<p>El referente radical explic\u00f3 que \u201cel objetivo era tener los fundamentos para las posibles soluciones en el transporte, el tr\u00e1nsito, la seguridad vial, la sustentabilidad ambiental del sistema de transporte, brindando nuevas y mejores alternativas a la sociedad\u201d.<\/p>\n\n\n\n<p>Dicho estudio permitir\u00e1 \u201cproporcionar herramientas y elementos en la tem\u00e1tica relacionada con el transporte, el tr\u00e1nsito, la seguridad vial y la problem\u00e1tica ambiental ocasionada por el sistema as\u00ed como tambi\u00e9n transferir al medio los avances en la tem\u00e1tica, contribuyendo a mejorar la transitabilidad\u201d, agreg\u00f3 el edil.<\/p>\n\n\n\n<p>El estudio se realizar\u00e1 especialmente a trav\u00e9s de una encuesta de movilidad, la cual es una herramienta para la planificaci\u00f3n del transporte urbano que tiene como objetivo general determinar c\u00f3mo y por qu\u00e9\u00ec se mueve la poblaci\u00f3n que reside de manera habitual en el \u00e1rea de estudio.<\/p>\n\n\n\n<p>\u201cEste tipo de encuestas permiten obtener informaci\u00f3n sobre los viajes que realizan diariamente los integrantes de los hogares del \u00e1rea de estudio para desarrollar las diversas actividades que el desenvolvimiento de su vida cotidiana requiere\u201d, explic\u00f3 M\u00fcller.<\/p>\n\n\n\n<p>Por \u00faltimo, el concejal a\u00f1adi\u00f3 que \u201cen el proyecto se autoriza al ejecutivo municipal a celebrar un convenio con el Grupo Cient\u00edfico de Estudios de Transporte Accidentolog\u00eda y Movilidad (CETRAM) de la Universidad Tecnol\u00f3gica Nacional, que es el \u00fanico centro de estudios referente en la materia dentro de la regi\u00f3n\u201d.<\/p>\n\n\n\n<p>Al actualizar los datos de nuestro proyecto apoyados en la realizaci\u00f3n de un estudio integral de movilidad para la ciudad ya que eso nos permitir\u00eda optimizar cualquier implementaci\u00f3n del proyecto\u201d.<\/p>\n\n\n\n<p>Vemos en forma urgente y como una necesidad la implementaci\u00f3n del transporte urbano en Esperanza\u201d. Cada d\u00eda que pasa la gente lo necesita aun m\u00e1s.<\/p>\n<!-- AddThis Advanced Settings generic via filter on the_content --><!-- AddThis Share Buttons generic via filter on the_content -->","protected":false},"excerpt":{"rendered":"<p>El Concejo Municipal aprob\u00f3 la resoluci\u00f3n para que se concrete un estudio de Movilidad de la [&hellip;]<!-- AddThis Advanced Settings generic via filter on get_the_excerpt --><!-- AddThis Share Buttons generic via filter on get_the_excerpt --><\/p>\n","protected":false},"author":16,"featured_media":38035,"comment_status":"open","ping_status":"open","sticky":false,"template":"","format":"standard","meta":{"_seopress_robots_primary_cat":"none","_seopress_titles_title":"","_seopress_titles_desc":"","_seopress_robots_index":"","_themeisle_gutenberg_block_has_review":false,"footnotes":""},"categories":[2,164,47],"tags":[],"class_list":["post-38033","post","type-post","status-publish","format-standard","has-post-thumbnail","hentry","category-actualidad","category-ambiente","category-locales"],"_links":{"self":[{"href":"https:\/\/www.almargenweb.com.ar\/web\/wp-json\/wp\/v2\/posts\/38033","targetHints":{"allow":["GET"]}}],"collection":[{"href":"https:\/\/www.almargenweb.com.ar\/web\/wp-json\/wp\/v2\/posts"}],"about":[{"href":"https:\/\/www.almargenweb.com.ar\/web\/wp-json\/wp\/v2\/types\/post"}],"author":[{"embeddable":true,"href":"https:\/\/www.almargenweb.com.ar\/web\/wp-json\/wp\/v2\/users\/16"}],"replies":[{"embeddable":true,"href":"https:\/\/www.almargenweb.com.ar\/web\/wp-json\/wp\/v2\/comments?post=38033"}],"version-history":[{"count":1,"href":"https:\/\/www.almargenweb.com.ar\/web\/wp-json\/wp\/v2\/posts\/38033\/revisions"}],"predecessor-version":[{"id":38036,"href":"https:\/\/www.almargenweb.com.ar\/web\/wp-json\/wp\/v2\/posts\/38033\/revisions\/38036"}],"wp:featuredmedia":[{"embeddable":true,"href":"https:\/\/www.almargenweb.com.ar\/web\/wp-json\/wp\/v2\/media\/38035"}],"wp:attachment":[{"href":"https:\/\/www.almargenweb.com.ar\/web\/wp-json\/wp\/v2\/media?parent=38033"}],"wp:term":[{"taxonomy":"category","embeddable":true,"href":"https:\/\/www.almargenweb.com.ar\/web\/wp-json\/wp\/v2\/categories?post=38033"},{"taxonomy":"post_tag","embeddable":true,"href":"https:\/\/www.almargenweb.com.ar\/web\/wp-json\/wp\/v2\/tags?post=38033"}],"curies":[{"name":"wp","href":"https:\/\/api.w.org\/{rel}","templated":true}]}}