{"id":38015,"date":"2022-10-19T17:24:33","date_gmt":"2022-10-19T20:24:33","guid":{"rendered":"http:\/\/www.almargenweb.com.ar\/web\/?p=38015"},"modified":"2022-10-19T17:24:34","modified_gmt":"2022-10-19T20:24:34","slug":"inflacion-y-desabastecimiento-ferreteros-advierten-que-faltan-clavos-y-alambres-en-todo-el-pais","status":"publish","type":"post","link":"https:\/\/www.almargenweb.com.ar\/web\/inflacion-y-desabastecimiento-ferreteros-advierten-que-faltan-clavos-y-alambres-en-todo-el-pais\/","title":{"rendered":"Inflaci\u00f3n y desabastecimiento: ferreteros advierten que faltan clavos y alambres en todo el pa\u00eds"},"content":{"rendered":"\n<p>El titular de la C\u00e1mara de Ferreter\u00edas y Afines de la Rep\u00fablica Argentina, Sergio Angiuli, expres\u00f3 su preocupaci\u00f3n por la faltante de muchos art\u00edculos, especialmente clavos y alambres, y tambi\u00e9n advirti\u00f3 la espiral inflacionaria que afecta rubro en general, que lleg\u00f3 \u201ca nivel interanual a casi el ciento por ciento\u201d.<\/p>\n\n\n\n<p>En declaraciones al programa \u201cEl primero de la ma\u00f1ana\u201d de LT8, el referente de los ferreteros admiti\u00f3 que \u201cescasean clavos y alambres\u201d, aunque aclar\u00f3 que la situaci\u00f3n no es de extrema gravedad.<\/p>\n\n\n\n<p>Angiuli se\u00f1al\u00f3 que el faltante se verifica \u201cen productos nacionales que no llevan insumos importados, pero tambi\u00e9n con los importados o de fabricaci\u00f3n nacional y que tienen alg\u00fan componente importado\u201d.<\/p>\n\n\n\n<p>Angiuli tambi\u00e9n mencion\u00f3 como factor que golpea al sector a la inflaci\u00f3n. \u201cAntes, comprar clavos en las ferreter\u00edas era ir por un producto muy econ\u00f3mico. Hoy tiene un valor bastante importante. La inflaci\u00f3n en nuestro sector, a nivel interanual, fue mucho m\u00e1s alta de lo que se anunci\u00f3 oficialmente. Tenemos una inflaci\u00f3n de m\u00e1s del cien por ciento\u201d.<\/p>\n<!-- AddThis Advanced Settings generic via filter on the_content --><!-- AddThis Share Buttons generic via filter on the_content -->","protected":false},"excerpt":{"rendered":"<p>El titular de la C\u00e1mara de Ferreter\u00edas y Afines de la Rep\u00fablica Argentina, Sergio Angiuli, expres\u00f3 [&hellip;]<!-- AddThis Advanced Settings generic via filter on get_the_excerpt --><!-- AddThis Share Buttons generic via filter on get_the_excerpt --><\/p>\n","protected":false},"author":16,"featured_media":38017,"comment_status":"open","ping_status":"open","sticky":false,"template":"","format":"standard","meta":{"_seopress_robots_primary_cat":"none","_seopress_titles_title":"","_seopress_titles_desc":"","_seopress_robots_index":"","_themeisle_gutenberg_block_has_review":false,"footnotes":""},"categories":[1],"tags":[],"class_list":["post-38015","post","type-post","status-publish","format-standard","has-post-thumbnail","hentry","category-sin-categoria"],"_links":{"self":[{"href":"https:\/\/www.almargenweb.com.ar\/web\/wp-json\/wp\/v2\/posts\/38015","targetHints":{"allow":["GET"]}}],"collection":[{"href":"https:\/\/www.almargenweb.com.ar\/web\/wp-json\/wp\/v2\/posts"}],"about":[{"href":"https:\/\/www.almargenweb.com.ar\/web\/wp-json\/wp\/v2\/types\/post"}],"author":[{"embeddable":true,"href":"https:\/\/www.almargenweb.com.ar\/web\/wp-json\/wp\/v2\/users\/16"}],"replies":[{"embeddable":true,"href":"https:\/\/www.almargenweb.com.ar\/web\/wp-json\/wp\/v2\/comments?post=38015"}],"version-history":[{"count":1,"href":"https:\/\/www.almargenweb.com.ar\/web\/wp-json\/wp\/v2\/posts\/38015\/revisions"}],"predecessor-version":[{"id":38018,"href":"https:\/\/www.almargenweb.com.ar\/web\/wp-json\/wp\/v2\/posts\/38015\/revisions\/38018"}],"wp:featuredmedia":[{"embeddable":true,"href":"https:\/\/www.almargenweb.com.ar\/web\/wp-json\/wp\/v2\/media\/38017"}],"wp:attachment":[{"href":"https:\/\/www.almargenweb.com.ar\/web\/wp-json\/wp\/v2\/media?parent=38015"}],"wp:term":[{"taxonomy":"category","embeddable":true,"href":"https:\/\/www.almargenweb.com.ar\/web\/wp-json\/wp\/v2\/categories?post=38015"},{"taxonomy":"post_tag","embeddable":true,"href":"https:\/\/www.almargenweb.com.ar\/web\/wp-json\/wp\/v2\/tags?post=38015"}],"curies":[{"name":"wp","href":"https:\/\/api.w.org\/{rel}","templated":true}]}}