{"id":38011,"date":"2022-10-19T17:13:48","date_gmt":"2022-10-19T20:13:48","guid":{"rendered":"http:\/\/www.almargenweb.com.ar\/web\/?p=38011"},"modified":"2022-10-19T17:13:49","modified_gmt":"2022-10-19T20:13:49","slug":"peajes-mas-caros-en-ruta-70-y-en-la-6-aumenta-a-100","status":"publish","type":"post","link":"https:\/\/www.almargenweb.com.ar\/web\/peajes-mas-caros-en-ruta-70-y-en-la-6-aumenta-a-100\/","title":{"rendered":"Peajes mas caros: en ruta 70 y en la 6 aumenta a $100"},"content":{"rendered":"\n<p>Fue solicitado por los corredores viales para dar respuesta a los costos fijos e &#8220;inversiones&#8221; de obras que se llevan a cabo en las rutas mencionadas.<\/p>\n\n\n\n<p>El \u00faltimo incremento, se hab\u00eda terminado de implementar en abril de 2022, y abarc\u00f3 el estudio de costos del segundo semestre del 2021.<\/p>\n\n\n\n<p>La f\u00f3rmula aplicada para la actualizaci\u00f3n de las tarifas arroj\u00f3 un incremento del 49,59% sobre la cual la Secretar\u00eda de Coordinaci\u00f3n Ministerial aconsej\u00f3 incrementar el valor en un 46,6% a partir de este martes 18 de octubre.<\/p>\n<!-- AddThis Advanced Settings generic via filter on the_content --><!-- AddThis Share Buttons generic via filter on the_content -->","protected":false},"excerpt":{"rendered":"<p>Fue solicitado por los corredores viales para dar respuesta a los costos fijos e &#8220;inversiones&#8221; de [&hellip;]<!-- AddThis Advanced Settings generic via filter on get_the_excerpt --><!-- AddThis Share Buttons generic via filter on get_the_excerpt --><\/p>\n","protected":false},"author":16,"featured_media":38013,"comment_status":"open","ping_status":"open","sticky":false,"template":"","format":"standard","meta":{"_seopress_robots_primary_cat":"none","_seopress_titles_title":"","_seopress_titles_desc":"","_seopress_robots_index":"","_themeisle_gutenberg_block_has_review":false,"footnotes":""},"categories":[1],"tags":[],"class_list":["post-38011","post","type-post","status-publish","format-standard","has-post-thumbnail","hentry","category-sin-categoria"],"_links":{"self":[{"href":"https:\/\/www.almargenweb.com.ar\/web\/wp-json\/wp\/v2\/posts\/38011","targetHints":{"allow":["GET"]}}],"collection":[{"href":"https:\/\/www.almargenweb.com.ar\/web\/wp-json\/wp\/v2\/posts"}],"about":[{"href":"https:\/\/www.almargenweb.com.ar\/web\/wp-json\/wp\/v2\/types\/post"}],"author":[{"embeddable":true,"href":"https:\/\/www.almargenweb.com.ar\/web\/wp-json\/wp\/v2\/users\/16"}],"replies":[{"embeddable":true,"href":"https:\/\/www.almargenweb.com.ar\/web\/wp-json\/wp\/v2\/comments?post=38011"}],"version-history":[{"count":1,"href":"https:\/\/www.almargenweb.com.ar\/web\/wp-json\/wp\/v2\/posts\/38011\/revisions"}],"predecessor-version":[{"id":38014,"href":"https:\/\/www.almargenweb.com.ar\/web\/wp-json\/wp\/v2\/posts\/38011\/revisions\/38014"}],"wp:featuredmedia":[{"embeddable":true,"href":"https:\/\/www.almargenweb.com.ar\/web\/wp-json\/wp\/v2\/media\/38013"}],"wp:attachment":[{"href":"https:\/\/www.almargenweb.com.ar\/web\/wp-json\/wp\/v2\/media?parent=38011"}],"wp:term":[{"taxonomy":"category","embeddable":true,"href":"https:\/\/www.almargenweb.com.ar\/web\/wp-json\/wp\/v2\/categories?post=38011"},{"taxonomy":"post_tag","embeddable":true,"href":"https:\/\/www.almargenweb.com.ar\/web\/wp-json\/wp\/v2\/tags?post=38011"}],"curies":[{"name":"wp","href":"https:\/\/api.w.org\/{rel}","templated":true}]}}