{"id":38005,"date":"2022-10-20T14:26:16","date_gmt":"2022-10-20T17:26:16","guid":{"rendered":"http:\/\/www.almargenweb.com.ar\/web\/?p=38005"},"modified":"2022-10-20T14:26:18","modified_gmt":"2022-10-20T17:26:18","slug":"35-anos-de-democracia-como-evoluciono-la-pobreza-en-la-argentina-con-cada-presidente","status":"publish","type":"post","link":"https:\/\/www.almargenweb.com.ar\/web\/35-anos-de-democracia-como-evoluciono-la-pobreza-en-la-argentina-con-cada-presidente\/","title":{"rendered":"35 a\u00f1os de democracia: \u00bfC\u00f3mo evolucion\u00f3 la pobreza en la Argentina con cada presidente?"},"content":{"rendered":"\n<p>La pobreza en la Argentina se mide de dos formas: la m\u00e1s conocida, que el INDEC informa cada 6 meses, es la que se calcula a partir de los ingresos, es decir se estima cu\u00e1ntas personas no pueden comprar los elementos b\u00e1sicos con sus ingresos.<\/p>\n\n\n\n<p>Desde el regreso de la democracia en 1983, no siempre se realiz\u00f3 la medici\u00f3n o hubo a\u00f1os en los que no se informaron n\u00fameros confiables. Por ejemplo, el Indec no midi\u00f3 pobreza entre 2013 y 2015. Y durante los a\u00f1os anteriores se informaban valores que no se consideran v\u00e1lidos.<\/p>\n\n\n\n<p>En 1988 con un mal contexto econ\u00f3mico que se acentuaba, la pobreza se ubicaba en el 34,3%. Tras la hiperinflaci\u00f3n y la salida anticipada del gobierno de Ra\u00fal Alfons\u00edn, se llegar\u00eda al 41,3% en 1990.<\/p>\n\n\n\n<p>Con Menem y su plan de convertibilidad, se vivieron a\u00f1os de reducci\u00f3n de pobreza aunque es cierto que las consecuencias llegar\u00edan m\u00e1s tarde. Tanto en 1993 como en 1994 se tocar\u00eda un piso del 20% de pobreza.<\/p>\n\n\n\n<p>En 1996 se sufrieron las consecuencias del llamado efecto tequila, la crisis mexicana, se llegar\u00eda en nuestro pais al 30% de pobreza, con una alta desocupaci\u00f3n. El final de esa d\u00e9cada muestra cierta estabilidad del \u00edndice. Pero tras a\u00f1os de recesi\u00f3n llegar\u00eda la crisis de 2001, que arroja los peores n\u00fameros hist\u00f3ricos de n\u00fameros hist\u00f3ricos de pobreza.<\/p>\n\n\n\n<p>En octubre de 2002, seg\u00fan el Indec, la pobreza se ubicaba en el 57,5%, durante la presidencia de Eduardo Duhalde.<\/p>\n\n\n\n<p>Durante el gobierno de N\u00e9stor Kirchner, la pobreza  se redujo a\u00f1o tras a\u00f1o y en el primer semestre de 2004 fue 44,3%, el n\u00famero m\u00e1s alto hasta el informado ayer. <\/p>\n\n\n\n<p>En 2006 se redujo hasta el 31,4%. Luego, sin embargo, comenzaron los cuestionamientos al Indec, por lo que deja de tener validez este informe.<\/p>\n\n\n\n<p>Por esto, se tienen en cuenta los relevamientos realizados por la Universidad Cat\u00f3lica Argentina. As\u00ed, el indicador subi\u00f3 hasta el 29% en 2010, luego de la crisis financiera internacional. Tras la expansi\u00f3n econ\u00f3mica de 2011, la pobreza baj\u00f3 al 24,7%, que funciona como piso hasta la actualidad.<\/p>\n\n\n\n<p>A fin de 2017, la pobreza se ubic\u00f3 en el 25,7%, el piso de la era Macri. Pero con la crisis de 2018 comenzar\u00eda a escalar con cada informe, hasta el 35,5% con el que cerr\u00f3 2019.<\/p>\n\n\n\n<p> El inicio del gobierno de Alberto Fern\u00e1ndez coincidi\u00f3 con la expansi\u00f3n del coronavirus, la cuarentena, la ca\u00edda de la actividad econ\u00f3mica. A pesar de los aportes estatales, como el Ingreso Familiar de Emergencia, se lleg\u00f3 al 40,9%, el n\u00famero m\u00e1s alto desde 2004.<\/p>\n\n\n\n<p>Fuente: Centro de Estudios Distributivos Laborales y Sociales (Cedlas) de la Universidad de La Plata, el Centro de Implementaci\u00f3n de Pol\u00edticas P\u00fablicas para la Equidad y el Crecimiento (Cippec) y el Programa de las Naciones Unidas para el Desarrollo (PNUD).<\/p>\n<!-- AddThis Advanced Settings generic via filter on the_content --><!-- AddThis Share Buttons generic via filter on the_content -->","protected":false},"excerpt":{"rendered":"<p>La pobreza en la Argentina se mide de dos formas: la m\u00e1s conocida, que el INDEC [&hellip;]<!-- AddThis Advanced Settings generic via filter on get_the_excerpt --><!-- AddThis Share Buttons generic via filter on get_the_excerpt --><\/p>\n","protected":false},"author":16,"featured_media":38029,"comment_status":"open","ping_status":"open","sticky":false,"template":"","format":"standard","meta":{"_seopress_robots_primary_cat":"none","_seopress_titles_title":"","_seopress_titles_desc":"","_seopress_robots_index":"","_themeisle_gutenberg_block_has_review":false,"footnotes":""},"categories":[1],"tags":[],"class_list":["post-38005","post","type-post","status-publish","format-standard","has-post-thumbnail","hentry","category-sin-categoria"],"_links":{"self":[{"href":"https:\/\/www.almargenweb.com.ar\/web\/wp-json\/wp\/v2\/posts\/38005","targetHints":{"allow":["GET"]}}],"collection":[{"href":"https:\/\/www.almargenweb.com.ar\/web\/wp-json\/wp\/v2\/posts"}],"about":[{"href":"https:\/\/www.almargenweb.com.ar\/web\/wp-json\/wp\/v2\/types\/post"}],"author":[{"embeddable":true,"href":"https:\/\/www.almargenweb.com.ar\/web\/wp-json\/wp\/v2\/users\/16"}],"replies":[{"embeddable":true,"href":"https:\/\/www.almargenweb.com.ar\/web\/wp-json\/wp\/v2\/comments?post=38005"}],"version-history":[{"count":1,"href":"https:\/\/www.almargenweb.com.ar\/web\/wp-json\/wp\/v2\/posts\/38005\/revisions"}],"predecessor-version":[{"id":38030,"href":"https:\/\/www.almargenweb.com.ar\/web\/wp-json\/wp\/v2\/posts\/38005\/revisions\/38030"}],"wp:featuredmedia":[{"embeddable":true,"href":"https:\/\/www.almargenweb.com.ar\/web\/wp-json\/wp\/v2\/media\/38029"}],"wp:attachment":[{"href":"https:\/\/www.almargenweb.com.ar\/web\/wp-json\/wp\/v2\/media?parent=38005"}],"wp:term":[{"taxonomy":"category","embeddable":true,"href":"https:\/\/www.almargenweb.com.ar\/web\/wp-json\/wp\/v2\/categories?post=38005"},{"taxonomy":"post_tag","embeddable":true,"href":"https:\/\/www.almargenweb.com.ar\/web\/wp-json\/wp\/v2\/tags?post=38005"}],"curies":[{"name":"wp","href":"https:\/\/api.w.org\/{rel}","templated":true}]}}