{"id":37972,"date":"2022-10-14T15:50:13","date_gmt":"2022-10-14T18:50:13","guid":{"rendered":"http:\/\/www.almargenweb.com.ar\/web\/?p=37972"},"modified":"2022-10-14T15:55:28","modified_gmt":"2022-10-14T18:55:28","slug":"frio-y-chances-de-lluvias-en-el-arranque-del-fin-de-semana","status":"publish","type":"post","link":"https:\/\/www.almargenweb.com.ar\/web\/frio-y-chances-de-lluvias-en-el-arranque-del-fin-de-semana\/","title":{"rendered":"Fr\u00edo y chances de lluvias en el arranque del fin de semana"},"content":{"rendered":"\n<p>Se acercan al fin de semana con una ma\u00f1ana de viernes muy fr\u00eda y ventosa. La mala noticia es que el s\u00e1bado comenzar\u00e1 con condiciones algo inestables y no descartan algunas precipitaciones aisladas. <\/p>\n\n\n\n<p>Sin embargo, el tiempo mejorar\u00e1, con nubosidad en disminuci\u00f3n. La temperatura m\u00ednima ser\u00e1 de 12\u00b0 y la m\u00e1xima de 25\u00b0, con viento leve del sudeste.<\/p>\n\n\n\n<p>El domingo se presentar\u00e1 con cielo despejado y 27\u00b0 de m\u00e1xima. La m\u00ednima ser\u00e1 de 12\u00b0 y se espera viento leve del sudeste.<\/p>\n\n\n\n<p>Para el resto del d\u00eda se espera un d\u00eda con viento del este, con cielo parcialmente nublado, con una temperatura m\u00e1xima de 22 grados y no se descarta que en horas de noche se produzcan lluvias aisladas debido a este ingreso de aire fr\u00edo.<\/p>\n<!-- AddThis Advanced Settings generic via filter on the_content --><!-- AddThis Share Buttons generic via filter on the_content -->","protected":false},"excerpt":{"rendered":"<p>Se acercan al fin de semana con una ma\u00f1ana de viernes muy fr\u00eda y ventosa. La [&hellip;]<!-- AddThis Advanced Settings generic via filter on get_the_excerpt --><!-- AddThis Share Buttons generic via filter on get_the_excerpt --><\/p>\n","protected":false},"author":16,"featured_media":37974,"comment_status":"open","ping_status":"open","sticky":false,"template":"","format":"standard","meta":{"_seopress_robots_primary_cat":"none","_seopress_titles_title":"","_seopress_titles_desc":"","_seopress_robots_index":"","_themeisle_gutenberg_block_has_review":false,"footnotes":""},"categories":[2,164,21,47],"tags":[],"class_list":["post-37972","post","type-post","status-publish","format-standard","has-post-thumbnail","hentry","category-actualidad","category-ambiente","category-las-colonias","category-locales"],"_links":{"self":[{"href":"https:\/\/www.almargenweb.com.ar\/web\/wp-json\/wp\/v2\/posts\/37972","targetHints":{"allow":["GET"]}}],"collection":[{"href":"https:\/\/www.almargenweb.com.ar\/web\/wp-json\/wp\/v2\/posts"}],"about":[{"href":"https:\/\/www.almargenweb.com.ar\/web\/wp-json\/wp\/v2\/types\/post"}],"author":[{"embeddable":true,"href":"https:\/\/www.almargenweb.com.ar\/web\/wp-json\/wp\/v2\/users\/16"}],"replies":[{"embeddable":true,"href":"https:\/\/www.almargenweb.com.ar\/web\/wp-json\/wp\/v2\/comments?post=37972"}],"version-history":[{"count":2,"href":"https:\/\/www.almargenweb.com.ar\/web\/wp-json\/wp\/v2\/posts\/37972\/revisions"}],"predecessor-version":[{"id":37976,"href":"https:\/\/www.almargenweb.com.ar\/web\/wp-json\/wp\/v2\/posts\/37972\/revisions\/37976"}],"wp:featuredmedia":[{"embeddable":true,"href":"https:\/\/www.almargenweb.com.ar\/web\/wp-json\/wp\/v2\/media\/37974"}],"wp:attachment":[{"href":"https:\/\/www.almargenweb.com.ar\/web\/wp-json\/wp\/v2\/media?parent=37972"}],"wp:term":[{"taxonomy":"category","embeddable":true,"href":"https:\/\/www.almargenweb.com.ar\/web\/wp-json\/wp\/v2\/categories?post=37972"},{"taxonomy":"post_tag","embeddable":true,"href":"https:\/\/www.almargenweb.com.ar\/web\/wp-json\/wp\/v2\/tags?post=37972"}],"curies":[{"name":"wp","href":"https:\/\/api.w.org\/{rel}","templated":true}]}}