{"id":37948,"date":"2022-10-12T11:00:45","date_gmt":"2022-10-12T14:00:45","guid":{"rendered":"http:\/\/www.almargenweb.com.ar\/web\/?p=37948"},"modified":"2022-10-12T11:00:48","modified_gmt":"2022-10-12T14:00:48","slug":"gobierno-confirma-que-habra-mas-aumentos-de-combustibles-hasta-fin-de-ano","status":"publish","type":"post","link":"https:\/\/www.almargenweb.com.ar\/web\/gobierno-confirma-que-habra-mas-aumentos-de-combustibles-hasta-fin-de-ano\/","title":{"rendered":"Gobierno confirma que habr\u00e1 m\u00e1s aumentos de combustibles hasta fin de a\u00f1o"},"content":{"rendered":"\n<p>Los precios de los combustibles subieron 52% en lo que va del a\u00f1o. Recientemente, las petroleras aplicaron un aumento del 6% a comienzos de mes.<\/p>\n\n\n\n<p>Flavia Roy\u00f3n, la Secretaria de Energ\u00eda confirm\u00f3 que habr\u00e1 m\u00e1s aumentos de combustibles hasta fin de a\u00f1o. Lo hizo a trav\u00e9s de declaraciones radiales durante este fin de semana largo. \u201cPuede haber movimientos de ac\u00e1 a fin de a\u00f1o. Estamos en un contexto inflacionario\u201d, explic\u00f3 la funcionaria.<\/p>\n\n\n\n<p>&#8220;Aparentemente habr\u00eda la intenci\u00f3n de hacer una o dos subas m\u00e1s de los combustibles en lo que queda del a\u00f1o. De alguna manera lo esper\u00e1bamos, porque los precios est\u00e1n atrasados&#8221; dijo Ra\u00fal Castellanos, Presidente de la C\u00e1mara de Empresarios de Combustibles.<\/p>\n\n\n\n<p>El 1\u00b0 de octubre arranc\u00f3 con incrementos en las precios de los combustibles ante una actualizaci\u00f3n parcial del componente impositivo que acumulaba varios meses de postergaci\u00f3n, seg\u00fan indicaron desde la Secretaria de Energ\u00eda que conduce Flavia Roy\u00f3n.<\/p>\n<!-- AddThis Advanced Settings generic via filter on the_content --><!-- AddThis Share Buttons generic via filter on the_content -->","protected":false},"excerpt":{"rendered":"<p>Los precios de los combustibles subieron 52% en lo que va del a\u00f1o. Recientemente, las petroleras [&hellip;]<!-- AddThis Advanced Settings generic via filter on get_the_excerpt --><!-- AddThis Share Buttons generic via filter on get_the_excerpt --><\/p>\n","protected":false},"author":16,"featured_media":37950,"comment_status":"open","ping_status":"open","sticky":false,"template":"","format":"standard","meta":{"_seopress_robots_primary_cat":"none","_seopress_titles_title":"","_seopress_titles_desc":"","_seopress_robots_index":"","_themeisle_gutenberg_block_has_review":false,"footnotes":""},"categories":[2,164,5],"tags":[],"class_list":["post-37948","post","type-post","status-publish","format-standard","has-post-thumbnail","hentry","category-actualidad","category-ambiente","category-economia"],"_links":{"self":[{"href":"https:\/\/www.almargenweb.com.ar\/web\/wp-json\/wp\/v2\/posts\/37948","targetHints":{"allow":["GET"]}}],"collection":[{"href":"https:\/\/www.almargenweb.com.ar\/web\/wp-json\/wp\/v2\/posts"}],"about":[{"href":"https:\/\/www.almargenweb.com.ar\/web\/wp-json\/wp\/v2\/types\/post"}],"author":[{"embeddable":true,"href":"https:\/\/www.almargenweb.com.ar\/web\/wp-json\/wp\/v2\/users\/16"}],"replies":[{"embeddable":true,"href":"https:\/\/www.almargenweb.com.ar\/web\/wp-json\/wp\/v2\/comments?post=37948"}],"version-history":[{"count":1,"href":"https:\/\/www.almargenweb.com.ar\/web\/wp-json\/wp\/v2\/posts\/37948\/revisions"}],"predecessor-version":[{"id":37951,"href":"https:\/\/www.almargenweb.com.ar\/web\/wp-json\/wp\/v2\/posts\/37948\/revisions\/37951"}],"wp:featuredmedia":[{"embeddable":true,"href":"https:\/\/www.almargenweb.com.ar\/web\/wp-json\/wp\/v2\/media\/37950"}],"wp:attachment":[{"href":"https:\/\/www.almargenweb.com.ar\/web\/wp-json\/wp\/v2\/media?parent=37948"}],"wp:term":[{"taxonomy":"category","embeddable":true,"href":"https:\/\/www.almargenweb.com.ar\/web\/wp-json\/wp\/v2\/categories?post=37948"},{"taxonomy":"post_tag","embeddable":true,"href":"https:\/\/www.almargenweb.com.ar\/web\/wp-json\/wp\/v2\/tags?post=37948"}],"curies":[{"name":"wp","href":"https:\/\/api.w.org\/{rel}","templated":true}]}}