{"id":37944,"date":"2022-10-06T11:59:32","date_gmt":"2022-10-06T14:59:32","guid":{"rendered":"http:\/\/www.almargenweb.com.ar\/web\/?p=37944"},"modified":"2022-10-06T11:59:33","modified_gmt":"2022-10-06T14:59:33","slug":"conflicto-docente-amsafe-la-capital-acepto-la-propuesta-que-pasara-a-nivel-provincial","status":"publish","type":"post","link":"https:\/\/www.almargenweb.com.ar\/web\/conflicto-docente-amsafe-la-capital-acepto-la-propuesta-que-pasara-a-nivel-provincial\/","title":{"rendered":"Conflicto docente: amsafe La Capital acept\u00f3 la propuesta \u00bfQu\u00e9 pasar\u00e1 a nivel provincial?"},"content":{"rendered":"\n<p>Este mi\u00e9rcoles, los docentes comenzaron a votar en todas las dependencias provinciales entre seis mociones, de las cuales solo una es de aceptaci\u00f3n, &#8220;en disconformidad y continuar nuestro plan de lucha, con distintas acciones gremiales&#8221;.<\/p>\n\n\n\n<p>En la departamental La Capital, la votaci\u00f3n concluy\u00f3 con aceptaci\u00f3n de la propuesta. De un total de 6.269 votos, 4.638 fueron a favor de aceptar y 1.619 de rechazo.<\/p>\n\n\n\n<p>Sin embargo, a\u00fan resta saber qu\u00e9 votaron las otras departamentales, fundamentalmente Rosario, cuyos votos fueron definitorios en el rechazo de la propuesta anterior.<\/p>\n\n\n\n<p>Cabe recordar que Amsafe es el \u00fanico gremio que no acept\u00f3 la propuesta anterior y que sigui\u00f3 con las medidas de fuerza. Adem\u00e1s, el gobierno efectiviz\u00f3 el descuento de los d\u00edas de paro no trabajados.<\/p>\n\n\n\n<p>La nueva propuesta no incluye una mejora salarial, pero si garantiza la devoluci\u00f3n de estos descuentos a trav\u00e9s de planilla complementaria y contempla pedidos de la paritaria t\u00e9cnica, como ser la creaci\u00f3n de cargos.<\/p>\n<!-- AddThis Advanced Settings generic via filter on the_content --><!-- AddThis Share Buttons generic via filter on the_content -->","protected":false},"excerpt":{"rendered":"<p>Este mi\u00e9rcoles, los docentes comenzaron a votar en todas las dependencias provinciales entre seis mociones, de [&hellip;]<!-- AddThis Advanced Settings generic via filter on get_the_excerpt --><!-- AddThis Share Buttons generic via filter on get_the_excerpt --><\/p>\n","protected":false},"author":16,"featured_media":37946,"comment_status":"open","ping_status":"open","sticky":false,"template":"","format":"standard","meta":{"_seopress_robots_primary_cat":"none","_seopress_titles_title":"","_seopress_titles_desc":"","_seopress_robots_index":"","_themeisle_gutenberg_block_has_review":false,"footnotes":""},"categories":[2,164,19],"tags":[],"class_list":["post-37944","post","type-post","status-publish","format-standard","has-post-thumbnail","hentry","category-actualidad","category-ambiente","category-educacion"],"_links":{"self":[{"href":"https:\/\/www.almargenweb.com.ar\/web\/wp-json\/wp\/v2\/posts\/37944","targetHints":{"allow":["GET"]}}],"collection":[{"href":"https:\/\/www.almargenweb.com.ar\/web\/wp-json\/wp\/v2\/posts"}],"about":[{"href":"https:\/\/www.almargenweb.com.ar\/web\/wp-json\/wp\/v2\/types\/post"}],"author":[{"embeddable":true,"href":"https:\/\/www.almargenweb.com.ar\/web\/wp-json\/wp\/v2\/users\/16"}],"replies":[{"embeddable":true,"href":"https:\/\/www.almargenweb.com.ar\/web\/wp-json\/wp\/v2\/comments?post=37944"}],"version-history":[{"count":1,"href":"https:\/\/www.almargenweb.com.ar\/web\/wp-json\/wp\/v2\/posts\/37944\/revisions"}],"predecessor-version":[{"id":37947,"href":"https:\/\/www.almargenweb.com.ar\/web\/wp-json\/wp\/v2\/posts\/37944\/revisions\/37947"}],"wp:featuredmedia":[{"embeddable":true,"href":"https:\/\/www.almargenweb.com.ar\/web\/wp-json\/wp\/v2\/media\/37946"}],"wp:attachment":[{"href":"https:\/\/www.almargenweb.com.ar\/web\/wp-json\/wp\/v2\/media?parent=37944"}],"wp:term":[{"taxonomy":"category","embeddable":true,"href":"https:\/\/www.almargenweb.com.ar\/web\/wp-json\/wp\/v2\/categories?post=37944"},{"taxonomy":"post_tag","embeddable":true,"href":"https:\/\/www.almargenweb.com.ar\/web\/wp-json\/wp\/v2\/tags?post=37944"}],"curies":[{"name":"wp","href":"https:\/\/api.w.org\/{rel}","templated":true}]}}