{"id":37931,"date":"2022-10-05T12:03:52","date_gmt":"2022-10-05T15:03:52","guid":{"rendered":"http:\/\/www.almargenweb.com.ar\/web\/?p=37931"},"modified":"2022-10-05T12:03:54","modified_gmt":"2022-10-05T15:03:54","slug":"adopcion-responsable-treinta-familias-interesadas-en-adoptar-los-galgos-rescatados-en-santo-tome","status":"publish","type":"post","link":"https:\/\/www.almargenweb.com.ar\/web\/adopcion-responsable-treinta-familias-interesadas-en-adoptar-los-galgos-rescatados-en-santo-tome\/","title":{"rendered":"Adopci\u00f3n responsable: treinta familias interesadas en adoptar los galgos rescatados en Santo Tom\u00e9"},"content":{"rendered":"\n<p>De los 67 perros que fueron rescatados el domingo en un predio de Santo Tom\u00e9, 30 ya llegaron a Rosario y todos tienen familias interesadas en adoptarlos. En los pr\u00f3ximos d\u00edas llegar\u00e1n los 37 galgos restantes.<\/p>\n\n\n\n<p>En este momento los 30 perros que est\u00e1n en Rosario se encuentran en la base de la Polic\u00eda Ecol\u00f3gica en barrio Las Flores. All\u00ed est\u00e1n siendo atendidos por veterinarios quienes est\u00e1n controlando el estado de cada galgo, que luego podr\u00e1n ser\u00e1n entregados a familias que quieran adoptarlos.<\/p>\n\n\n\n<p>Para adoptar un perro, las familias deben demostrar que tienen espacio suficiente para que viva el animal, que cuentan con una econom\u00eda que les permita hacer frente a los costos de mantenimiento del can y adem\u00e1s que pueden llevarlo al veterinario porque la mayor\u00eda de estos perros va a necesitar atenci\u00f3n sanitaria.<\/p>\n\n\n\n<p>Hasta ayer hab\u00eda 30 familias interesadas. De ese total ya se hab\u00edan entrevistado a 10 que cumpl\u00edan con todos los requisitos. A estas se les entregar\u00e1n los perros, pero en condici\u00f3n de \u201cfamilia depositaria judicial\u201d es decir hasta que se cierre el caso en la Justicia. Reci\u00e9n entonces los animales estar\u00e1n en estado de adoptabilidad y si esta familia lo desea podr\u00e1 quedarse con el animal.<\/p>\n\n\n\n<p>Para postularse a adoptar a uno de estos animales hay que llamar al tel\u00e9fono 341-155696330.<\/p>\n<!-- AddThis Advanced Settings generic via filter on the_content --><!-- AddThis Share Buttons generic via filter on the_content -->","protected":false},"excerpt":{"rendered":"<p>De los 67 perros que fueron rescatados el domingo en un predio de Santo Tom\u00e9, 30 [&hellip;]<!-- AddThis Advanced Settings generic via filter on get_the_excerpt --><!-- AddThis Share Buttons generic via filter on get_the_excerpt --><\/p>\n","protected":false},"author":16,"featured_media":37933,"comment_status":"open","ping_status":"open","sticky":false,"template":"","format":"standard","meta":{"_seopress_robots_primary_cat":"none","_seopress_titles_title":"","_seopress_titles_desc":"","_seopress_robots_index":"","_themeisle_gutenberg_block_has_review":false,"footnotes":""},"categories":[2,164,20],"tags":[],"class_list":["post-37931","post","type-post","status-publish","format-standard","has-post-thumbnail","hentry","category-actualidad","category-ambiente","category-departamentales"],"_links":{"self":[{"href":"https:\/\/www.almargenweb.com.ar\/web\/wp-json\/wp\/v2\/posts\/37931","targetHints":{"allow":["GET"]}}],"collection":[{"href":"https:\/\/www.almargenweb.com.ar\/web\/wp-json\/wp\/v2\/posts"}],"about":[{"href":"https:\/\/www.almargenweb.com.ar\/web\/wp-json\/wp\/v2\/types\/post"}],"author":[{"embeddable":true,"href":"https:\/\/www.almargenweb.com.ar\/web\/wp-json\/wp\/v2\/users\/16"}],"replies":[{"embeddable":true,"href":"https:\/\/www.almargenweb.com.ar\/web\/wp-json\/wp\/v2\/comments?post=37931"}],"version-history":[{"count":1,"href":"https:\/\/www.almargenweb.com.ar\/web\/wp-json\/wp\/v2\/posts\/37931\/revisions"}],"predecessor-version":[{"id":37934,"href":"https:\/\/www.almargenweb.com.ar\/web\/wp-json\/wp\/v2\/posts\/37931\/revisions\/37934"}],"wp:featuredmedia":[{"embeddable":true,"href":"https:\/\/www.almargenweb.com.ar\/web\/wp-json\/wp\/v2\/media\/37933"}],"wp:attachment":[{"href":"https:\/\/www.almargenweb.com.ar\/web\/wp-json\/wp\/v2\/media?parent=37931"}],"wp:term":[{"taxonomy":"category","embeddable":true,"href":"https:\/\/www.almargenweb.com.ar\/web\/wp-json\/wp\/v2\/categories?post=37931"},{"taxonomy":"post_tag","embeddable":true,"href":"https:\/\/www.almargenweb.com.ar\/web\/wp-json\/wp\/v2\/tags?post=37931"}],"curies":[{"name":"wp","href":"https:\/\/api.w.org\/{rel}","templated":true}]}}