{"id":37927,"date":"2022-10-05T11:05:56","date_gmt":"2022-10-05T14:05:56","guid":{"rendered":"http:\/\/www.almargenweb.com.ar\/web\/?p=37927"},"modified":"2022-10-05T11:05:57","modified_gmt":"2022-10-05T14:05:57","slug":"el-viento-de-sur-hace-bajar-la-temperatura-y-deja-chances-de-lluvias","status":"publish","type":"post","link":"https:\/\/www.almargenweb.com.ar\/web\/el-viento-de-sur-hace-bajar-la-temperatura-y-deja-chances-de-lluvias\/","title":{"rendered":"El viento de sur hace bajar la temperatura y deja chances de lluvias"},"content":{"rendered":"\n<p>Este mi\u00e9rcoles 5 de octubre lleg\u00f3 con cielo parcialmente nublado y con una ma\u00f1ana que por el momento presenta condiciones de tiempo agradables. El viento del sur \/ sudeste a 20 kil\u00f3metros por hora se hac\u00eda sentir, aunque la temperatura no estaba tan baja (12,8 por grados).<\/p>\n\n\n\n<p>El Servicio Meteorol\u00f3gico Nacional emiti\u00f3 un alerta amarillo por tormentas para el centro y norte de la provincia que abarca los departamentos Nueve de Julio, San Crist\u00f3bal, San Justo, General Obligado, San Javier y Vera.<\/p>\n\n\n\n<p>De acuerdo al reporte, el \u00e1rea ser\u00e1 afectada por tormentas, algunas localmente fuertes, acompa\u00f1adas de intensas r\u00e1fagas, ca\u00edda de granizo, fuerte actividad el\u00e9ctrica y fundamentalmente abundante ca\u00edda de agua en cortos per\u00edodos<\/p>\n\n\n\n<p>Para ma\u00f1ana jueves, el organismo nacional prev\u00e9 la posibilidad de que el tiempo inestable contin\u00fae presente en la regi\u00f3n, al menos en las primeras horas. El parte meteorol\u00f3gico menciona lluvias aisladas durante la madrugada y ya avanzada la ma\u00f1ana.<\/p>\n<!-- AddThis Advanced Settings generic via filter on the_content --><!-- AddThis Share Buttons generic via filter on the_content -->","protected":false},"excerpt":{"rendered":"<p>Este mi\u00e9rcoles 5 de octubre lleg\u00f3 con cielo parcialmente nublado y con una ma\u00f1ana que por [&hellip;]<!-- AddThis Advanced Settings generic via filter on get_the_excerpt --><!-- AddThis Share Buttons generic via filter on get_the_excerpt --><\/p>\n","protected":false},"author":16,"featured_media":37929,"comment_status":"open","ping_status":"open","sticky":false,"template":"","format":"standard","meta":{"_seopress_robots_primary_cat":"none","_seopress_titles_title":"","_seopress_titles_desc":"","_seopress_robots_index":"","_themeisle_gutenberg_block_has_review":false,"footnotes":""},"categories":[2,164],"tags":[],"class_list":["post-37927","post","type-post","status-publish","format-standard","has-post-thumbnail","hentry","category-actualidad","category-ambiente"],"_links":{"self":[{"href":"https:\/\/www.almargenweb.com.ar\/web\/wp-json\/wp\/v2\/posts\/37927","targetHints":{"allow":["GET"]}}],"collection":[{"href":"https:\/\/www.almargenweb.com.ar\/web\/wp-json\/wp\/v2\/posts"}],"about":[{"href":"https:\/\/www.almargenweb.com.ar\/web\/wp-json\/wp\/v2\/types\/post"}],"author":[{"embeddable":true,"href":"https:\/\/www.almargenweb.com.ar\/web\/wp-json\/wp\/v2\/users\/16"}],"replies":[{"embeddable":true,"href":"https:\/\/www.almargenweb.com.ar\/web\/wp-json\/wp\/v2\/comments?post=37927"}],"version-history":[{"count":1,"href":"https:\/\/www.almargenweb.com.ar\/web\/wp-json\/wp\/v2\/posts\/37927\/revisions"}],"predecessor-version":[{"id":37930,"href":"https:\/\/www.almargenweb.com.ar\/web\/wp-json\/wp\/v2\/posts\/37927\/revisions\/37930"}],"wp:featuredmedia":[{"embeddable":true,"href":"https:\/\/www.almargenweb.com.ar\/web\/wp-json\/wp\/v2\/media\/37929"}],"wp:attachment":[{"href":"https:\/\/www.almargenweb.com.ar\/web\/wp-json\/wp\/v2\/media?parent=37927"}],"wp:term":[{"taxonomy":"category","embeddable":true,"href":"https:\/\/www.almargenweb.com.ar\/web\/wp-json\/wp\/v2\/categories?post=37927"},{"taxonomy":"post_tag","embeddable":true,"href":"https:\/\/www.almargenweb.com.ar\/web\/wp-json\/wp\/v2\/tags?post=37927"}],"curies":[{"name":"wp","href":"https:\/\/api.w.org\/{rel}","templated":true}]}}