{"id":37923,"date":"2022-10-05T10:31:19","date_gmt":"2022-10-05T13:31:19","guid":{"rendered":"http:\/\/www.almargenweb.com.ar\/web\/?p=37923"},"modified":"2022-10-05T10:31:19","modified_gmt":"2022-10-05T13:31:19","slug":"energia-postergan-la-quita-de-subsidios-en-las-tarifas-electricas","status":"publish","type":"post","link":"https:\/\/www.almargenweb.com.ar\/web\/energia-postergan-la-quita-de-subsidios-en-las-tarifas-electricas\/","title":{"rendered":"Energ\u00eda: postergan la quita de subsidios en las tarifas el\u00e9ctricas"},"content":{"rendered":"\n<p>La Secretar\u00eda de Energ\u00eda de la Naci\u00f3n comunic\u00f3 a CAMMESA que, de manera excepcional y por \u00fanica vez, aplique en la transacci\u00f3n del mes de septiembre para todos los segmentos de la demanda residencial, los precios estacionales establecidos para el nivel 2 (de bajos ingresos).<\/p>\n\n\n\n<p>La medida se realiza en atenci\u00f3n a las gestiones que vienen realizando las distintas distribuidoras y entes reguladores de cada jurisdicci\u00f3n, para la correcta implementaci\u00f3n de las resoluciones asociadas a la quita de subsidios a la energ\u00eda el\u00e9ctrica.<\/p>\n\n\n\n<p>Las personas titulares del servicio el\u00e9ctrico anotadas en el RASE, seg\u00fan datos aportados desde Naci\u00f3n, indican que en la jurisdicci\u00f3n Santa Fe est\u00e1n distribuidos de la siguiente manera:<\/p>\n\n\n\n<p>Nivel 1 \u2013 Altos ingresos \u2013 35,6%.<br>Nivel 2 \u2013 Bajos ingresos \u2013 46,6 %.<br>Nivel 3 \u2013 Ingresos intermedios \u2013 17,8 %.<\/p>\n<!-- AddThis Advanced Settings generic via filter on the_content --><!-- AddThis Share Buttons generic via filter on the_content -->","protected":false},"excerpt":{"rendered":"<p>La Secretar\u00eda de Energ\u00eda de la Naci\u00f3n comunic\u00f3 a CAMMESA que, de manera excepcional y por [&hellip;]<!-- AddThis Advanced Settings generic via filter on get_the_excerpt --><!-- AddThis Share Buttons generic via filter on get_the_excerpt --><\/p>\n","protected":false},"author":16,"featured_media":37925,"comment_status":"open","ping_status":"open","sticky":false,"template":"","format":"standard","meta":{"_seopress_robots_primary_cat":"none","_seopress_titles_title":"","_seopress_titles_desc":"","_seopress_robots_index":"","_themeisle_gutenberg_block_has_review":false,"footnotes":""},"categories":[2,164,5,47,140,29],"tags":[],"class_list":["post-37923","post","type-post","status-publish","format-standard","has-post-thumbnail","hentry","category-actualidad","category-ambiente","category-economia","category-locales","category-nacionales","category-regionales"],"_links":{"self":[{"href":"https:\/\/www.almargenweb.com.ar\/web\/wp-json\/wp\/v2\/posts\/37923","targetHints":{"allow":["GET"]}}],"collection":[{"href":"https:\/\/www.almargenweb.com.ar\/web\/wp-json\/wp\/v2\/posts"}],"about":[{"href":"https:\/\/www.almargenweb.com.ar\/web\/wp-json\/wp\/v2\/types\/post"}],"author":[{"embeddable":true,"href":"https:\/\/www.almargenweb.com.ar\/web\/wp-json\/wp\/v2\/users\/16"}],"replies":[{"embeddable":true,"href":"https:\/\/www.almargenweb.com.ar\/web\/wp-json\/wp\/v2\/comments?post=37923"}],"version-history":[{"count":1,"href":"https:\/\/www.almargenweb.com.ar\/web\/wp-json\/wp\/v2\/posts\/37923\/revisions"}],"predecessor-version":[{"id":37926,"href":"https:\/\/www.almargenweb.com.ar\/web\/wp-json\/wp\/v2\/posts\/37923\/revisions\/37926"}],"wp:featuredmedia":[{"embeddable":true,"href":"https:\/\/www.almargenweb.com.ar\/web\/wp-json\/wp\/v2\/media\/37925"}],"wp:attachment":[{"href":"https:\/\/www.almargenweb.com.ar\/web\/wp-json\/wp\/v2\/media?parent=37923"}],"wp:term":[{"taxonomy":"category","embeddable":true,"href":"https:\/\/www.almargenweb.com.ar\/web\/wp-json\/wp\/v2\/categories?post=37923"},{"taxonomy":"post_tag","embeddable":true,"href":"https:\/\/www.almargenweb.com.ar\/web\/wp-json\/wp\/v2\/tags?post=37923"}],"curies":[{"name":"wp","href":"https:\/\/api.w.org\/{rel}","templated":true}]}}