{"id":37895,"date":"2022-09-30T11:21:32","date_gmt":"2022-09-30T14:21:32","guid":{"rendered":"http:\/\/www.almargenweb.com.ar\/web\/?p=37895"},"modified":"2022-09-30T11:21:33","modified_gmt":"2022-09-30T14:21:33","slug":"nafta-mas-cara-a-partir-de-manana-aumentara-entre-1-y-4","status":"publish","type":"post","link":"https:\/\/www.almargenweb.com.ar\/web\/nafta-mas-cara-a-partir-de-manana-aumentara-entre-1-y-4\/","title":{"rendered":"Nafta m\u00e1s cara, a partir de ma\u00f1ana aumentar\u00e1 entre 1% y 4%"},"content":{"rendered":"\n<p>Los precios de los combustibles subir\u00e1n entre 1% y 4% desde el pr\u00f3ximo s\u00e1bado por una actualizaci\u00f3n parcial del componente impositivo que acumulaba varios meses de postergaci\u00f3n.<\/p>\n\n\n\n<p>Estiman que la suba ser\u00eda de alrededor de $4 por litro en las naftas y de $3 en el di\u00e9sel.<\/p>\n\n\n\n<p>Esta suba corresponde a los dos primeros trimestres de 2021, con lo cual a\u00fan restan los dos finales del a\u00f1o pasado y los tres ya transcurridos de 2022, que equivalen a un atraso cercano al 20%.<\/p>\n\n\n\n<p>En los \u00faltimos doce meses hasta agosto, las naftas hab\u00edan acumulado un incremento de 41,7% en promedio, entre ambos combustibles, muy por debajo de la inflaci\u00f3n anual.<\/p>\n<!-- AddThis Advanced Settings generic via filter on the_content --><!-- AddThis Share Buttons generic via filter on the_content -->","protected":false},"excerpt":{"rendered":"<p>Los precios de los combustibles subir\u00e1n entre 1% y 4% desde el pr\u00f3ximo s\u00e1bado por una [&hellip;]<!-- AddThis Advanced Settings generic via filter on get_the_excerpt --><!-- AddThis Share Buttons generic via filter on get_the_excerpt --><\/p>\n","protected":false},"author":16,"featured_media":37897,"comment_status":"open","ping_status":"open","sticky":false,"template":"","format":"standard","meta":{"_seopress_robots_primary_cat":"none","_seopress_titles_title":"","_seopress_titles_desc":"","_seopress_robots_index":"","_themeisle_gutenberg_block_has_review":false,"footnotes":""},"categories":[2,164,5,140],"tags":[],"class_list":["post-37895","post","type-post","status-publish","format-standard","has-post-thumbnail","hentry","category-actualidad","category-ambiente","category-economia","category-nacionales"],"_links":{"self":[{"href":"https:\/\/www.almargenweb.com.ar\/web\/wp-json\/wp\/v2\/posts\/37895","targetHints":{"allow":["GET"]}}],"collection":[{"href":"https:\/\/www.almargenweb.com.ar\/web\/wp-json\/wp\/v2\/posts"}],"about":[{"href":"https:\/\/www.almargenweb.com.ar\/web\/wp-json\/wp\/v2\/types\/post"}],"author":[{"embeddable":true,"href":"https:\/\/www.almargenweb.com.ar\/web\/wp-json\/wp\/v2\/users\/16"}],"replies":[{"embeddable":true,"href":"https:\/\/www.almargenweb.com.ar\/web\/wp-json\/wp\/v2\/comments?post=37895"}],"version-history":[{"count":1,"href":"https:\/\/www.almargenweb.com.ar\/web\/wp-json\/wp\/v2\/posts\/37895\/revisions"}],"predecessor-version":[{"id":37898,"href":"https:\/\/www.almargenweb.com.ar\/web\/wp-json\/wp\/v2\/posts\/37895\/revisions\/37898"}],"wp:featuredmedia":[{"embeddable":true,"href":"https:\/\/www.almargenweb.com.ar\/web\/wp-json\/wp\/v2\/media\/37897"}],"wp:attachment":[{"href":"https:\/\/www.almargenweb.com.ar\/web\/wp-json\/wp\/v2\/media?parent=37895"}],"wp:term":[{"taxonomy":"category","embeddable":true,"href":"https:\/\/www.almargenweb.com.ar\/web\/wp-json\/wp\/v2\/categories?post=37895"},{"taxonomy":"post_tag","embeddable":true,"href":"https:\/\/www.almargenweb.com.ar\/web\/wp-json\/wp\/v2\/tags?post=37895"}],"curies":[{"name":"wp","href":"https:\/\/api.w.org\/{rel}","templated":true}]}}