{"id":37887,"date":"2022-09-28T17:28:58","date_gmt":"2022-09-28T20:28:58","guid":{"rendered":"http:\/\/www.almargenweb.com.ar\/web\/?p=37887"},"modified":"2022-09-28T17:28:59","modified_gmt":"2022-09-28T20:28:59","slug":"segun-el-indec-17-millones-de-argentinos-son-pobres","status":"publish","type":"post","link":"https:\/\/www.almargenweb.com.ar\/web\/segun-el-indec-17-millones-de-argentinos-son-pobres\/","title":{"rendered":"Seg\u00fan el INDEC, 17 millones de argentinos son pobres"},"content":{"rendered":"\n<p>La cifra descendi\u00f3 en relaci\u00f3n con el 37,3% de los seis meses previos. La indigencia fue del 8,8%. La alta inflaci\u00f3n impactar\u00e1 en la pr\u00f3xima medici\u00f3n.<\/p>\n\n\n\n<p>La pobreza lleg\u00f3 al 36,5% en la Argentina en el primer semestre de 2022, seg\u00fan datos publicados por el INDEC este mi\u00e9rcoles. <\/p>\n\n\n\n<p>De esta manera, el nivel de pobreza baj\u00f3 respecto del 37,3% del semestre previo y se alej\u00f3 del 42% en el que hab\u00eda terminado 2020. Seg\u00fan las estimaciones, 17,3 millones de personas alcanzan esa condici\u00f3n.<\/p>\n\n\n\n<p>En tanto, la indigencia en los primeros seis meses de este a\u00f1o alcanz\u00f3 el 8,8%. Esto es, que marc\u00f3 una suba de 0,6 puntos con relaci\u00f3n al 8,2% que se hab\u00eda informado en el relevamiento del semestre previo.<\/p>\n\n\n\n<p>Si bien esas personas forman parte de la estad\u00edstica m\u00e1s global de pobreza, pero son el grupo m\u00e1s vulnerable, ya que sus ingresos no alcanzan a cubrir la canasta b\u00e1sica alimentaria.<\/p>\n<!-- AddThis Advanced Settings generic via filter on the_content --><!-- AddThis Share Buttons generic via filter on the_content -->","protected":false},"excerpt":{"rendered":"<p>La cifra descendi\u00f3 en relaci\u00f3n con el 37,3% de los seis meses previos. La indigencia fue [&hellip;]<!-- AddThis Advanced Settings generic via filter on get_the_excerpt --><!-- AddThis Share Buttons generic via filter on get_the_excerpt --><\/p>\n","protected":false},"author":16,"featured_media":37889,"comment_status":"open","ping_status":"open","sticky":false,"template":"","format":"standard","meta":{"_seopress_robots_primary_cat":"none","_seopress_titles_title":"","_seopress_titles_desc":"","_seopress_robots_index":"","_themeisle_gutenberg_block_has_review":false,"footnotes":""},"categories":[2,164,5],"tags":[],"class_list":["post-37887","post","type-post","status-publish","format-standard","has-post-thumbnail","hentry","category-actualidad","category-ambiente","category-economia"],"_links":{"self":[{"href":"https:\/\/www.almargenweb.com.ar\/web\/wp-json\/wp\/v2\/posts\/37887","targetHints":{"allow":["GET"]}}],"collection":[{"href":"https:\/\/www.almargenweb.com.ar\/web\/wp-json\/wp\/v2\/posts"}],"about":[{"href":"https:\/\/www.almargenweb.com.ar\/web\/wp-json\/wp\/v2\/types\/post"}],"author":[{"embeddable":true,"href":"https:\/\/www.almargenweb.com.ar\/web\/wp-json\/wp\/v2\/users\/16"}],"replies":[{"embeddable":true,"href":"https:\/\/www.almargenweb.com.ar\/web\/wp-json\/wp\/v2\/comments?post=37887"}],"version-history":[{"count":1,"href":"https:\/\/www.almargenweb.com.ar\/web\/wp-json\/wp\/v2\/posts\/37887\/revisions"}],"predecessor-version":[{"id":37890,"href":"https:\/\/www.almargenweb.com.ar\/web\/wp-json\/wp\/v2\/posts\/37887\/revisions\/37890"}],"wp:featuredmedia":[{"embeddable":true,"href":"https:\/\/www.almargenweb.com.ar\/web\/wp-json\/wp\/v2\/media\/37889"}],"wp:attachment":[{"href":"https:\/\/www.almargenweb.com.ar\/web\/wp-json\/wp\/v2\/media?parent=37887"}],"wp:term":[{"taxonomy":"category","embeddable":true,"href":"https:\/\/www.almargenweb.com.ar\/web\/wp-json\/wp\/v2\/categories?post=37887"},{"taxonomy":"post_tag","embeddable":true,"href":"https:\/\/www.almargenweb.com.ar\/web\/wp-json\/wp\/v2\/tags?post=37887"}],"curies":[{"name":"wp","href":"https:\/\/api.w.org\/{rel}","templated":true}]}}