{"id":37861,"date":"2022-09-21T10:13:39","date_gmt":"2022-09-21T13:13:39","guid":{"rendered":"http:\/\/www.almargenweb.com.ar\/web\/?p=37861"},"modified":"2022-09-21T10:13:42","modified_gmt":"2022-09-21T13:13:42","slug":"coronavirus-el-barbijo-dejo-de-ser-obligatorio-en-argentina","status":"publish","type":"post","link":"https:\/\/www.almargenweb.com.ar\/web\/coronavirus-el-barbijo-dejo-de-ser-obligatorio-en-argentina\/","title":{"rendered":"Coronavirus: el barbijo dej\u00f3 de ser obligatorio en Argentina"},"content":{"rendered":"\n<p>El Ministerio de Salud declar\u00f3 este mi\u00e9rcoles la no obligatoriedad del uso del barbijo en la Argentina. En la provincia de Santa Fe, el barbijo seguir\u00e1 siendo obligatorio en hospitales y sanatorios.<\/p>\n\n\n\n<p>El comunicado contin\u00faa recomendando el uso de barbijo &#8220;en espacios interiores, incluyendo los \u00e1mbitos laborales, educativos, sociales y el transporte p\u00fablico&#8221;.<\/p>\n\n\n\n<p>La medida fue publicada este mi\u00e9rcoles 21 de septiembre en la \u00faltima edici\u00f3n del Bolet\u00edn Oficial, concretamente en la Resoluci\u00f3n 1849\/2022, y lleva la firma de la ministra de Salud de la Naci\u00f3n.<\/p>\n\n\n\n<p>Segun datos del comunicado, desde el inicio de la Campa\u00f1a Nacional de Vacunaci\u00f3n hasta el 6 de septiembre de 2022 se alcanz\u00f3 una cobertura del 82,5% en poblaci\u00f3n general y 81,7 % en mayores de 3 a\u00f1os con dos (2) dosis de vacuna, y de 46,7 % en poblaci\u00f3n general y 73,5% en mayores de 60 a\u00f1os con el primer refuerzo.<\/p>\n<!-- AddThis Advanced Settings generic via filter on the_content --><!-- AddThis Share Buttons generic via filter on the_content -->","protected":false},"excerpt":{"rendered":"<p>El Ministerio de Salud declar\u00f3 este mi\u00e9rcoles la no obligatoriedad del uso del barbijo en la [&hellip;]<!-- AddThis Advanced Settings generic via filter on get_the_excerpt --><!-- AddThis Share Buttons generic via filter on get_the_excerpt --><\/p>\n","protected":false},"author":16,"featured_media":37863,"comment_status":"open","ping_status":"open","sticky":false,"template":"","format":"standard","meta":{"_seopress_robots_primary_cat":"none","_seopress_titles_title":"","_seopress_titles_desc":"","_seopress_robots_index":"","_themeisle_gutenberg_block_has_review":false,"footnotes":""},"categories":[2,164,15],"tags":[],"class_list":["post-37861","post","type-post","status-publish","format-standard","has-post-thumbnail","hentry","category-actualidad","category-ambiente","category-salud"],"_links":{"self":[{"href":"https:\/\/www.almargenweb.com.ar\/web\/wp-json\/wp\/v2\/posts\/37861","targetHints":{"allow":["GET"]}}],"collection":[{"href":"https:\/\/www.almargenweb.com.ar\/web\/wp-json\/wp\/v2\/posts"}],"about":[{"href":"https:\/\/www.almargenweb.com.ar\/web\/wp-json\/wp\/v2\/types\/post"}],"author":[{"embeddable":true,"href":"https:\/\/www.almargenweb.com.ar\/web\/wp-json\/wp\/v2\/users\/16"}],"replies":[{"embeddable":true,"href":"https:\/\/www.almargenweb.com.ar\/web\/wp-json\/wp\/v2\/comments?post=37861"}],"version-history":[{"count":1,"href":"https:\/\/www.almargenweb.com.ar\/web\/wp-json\/wp\/v2\/posts\/37861\/revisions"}],"predecessor-version":[{"id":37864,"href":"https:\/\/www.almargenweb.com.ar\/web\/wp-json\/wp\/v2\/posts\/37861\/revisions\/37864"}],"wp:featuredmedia":[{"embeddable":true,"href":"https:\/\/www.almargenweb.com.ar\/web\/wp-json\/wp\/v2\/media\/37863"}],"wp:attachment":[{"href":"https:\/\/www.almargenweb.com.ar\/web\/wp-json\/wp\/v2\/media?parent=37861"}],"wp:term":[{"taxonomy":"category","embeddable":true,"href":"https:\/\/www.almargenweb.com.ar\/web\/wp-json\/wp\/v2\/categories?post=37861"},{"taxonomy":"post_tag","embeddable":true,"href":"https:\/\/www.almargenweb.com.ar\/web\/wp-json\/wp\/v2\/tags?post=37861"}],"curies":[{"name":"wp","href":"https:\/\/api.w.org\/{rel}","templated":true}]}}