{"id":37796,"date":"2022-09-06T17:02:51","date_gmt":"2022-09-06T20:02:51","guid":{"rendered":"http:\/\/www.almargenweb.com.ar\/web\/?p=37796"},"modified":"2022-09-06T17:02:52","modified_gmt":"2022-09-06T20:02:52","slug":"legionella-como-actua-la-bacteria-que-provoca-neumonia-bilateral","status":"publish","type":"post","link":"https:\/\/www.almargenweb.com.ar\/web\/legionella-como-actua-la-bacteria-que-provoca-neumonia-bilateral\/","title":{"rendered":"Legionella: \u00bfc\u00f3mo act\u00faa la bacteria que provoca neumon\u00eda bilateral?"},"content":{"rendered":"\n<p>Seg\u00fan inform\u00f3 el Ministerio de Salud de Tucum\u00e1n, ya son seis las personas que fallecieron a causa de Legionella, los seis casos registrados correspondieron a cinco trabajadores de la salud.<\/p>\n\n\n\n<p> En total, se contabilizan 22 infectados, seis se hallan internados (tres con asistencia respiratoria), mientras que los restantes son monitoreados y evaluados desde sus domicilios.<\/p>\n\n\n\n<p>La Legionella es un tipo de grave de neumon\u00eda (infecci\u00f3n de los pulmones) causada por la bacteria llamada Legionella. Estas bacterias, a su vez, pueden causar una enfermedad menos grave llamada fiebre de Pontiac.<\/p>\n\n\n\n<p>Los s\u00edntomas m\u00e1s comunes de la Legionella son muy similares a otros tipos de neumon\u00eda, como ser:  tos, dificultad para respirar, fiebre y  dolores musculares como asi tambien dolores de cabeza, diarrea y n\u00e1useas.<\/p>\n\n\n\n<p>Despu\u00e9s de que las bacterias Legionella crecen y se multiplican en el sistema de agua de un edificio, el agua que las contiene puede dispersarse en forma de gotitas lo suficientemente peque\u00f1as como para que las personas las inhalen.<\/p>\n\n\n\n<p>La enfermedad que ocasiona esta bacteria, seg\u00fan anunciaron los especialistas, produce una mortalidad que ronda el 10 o el 20 por ciento, aunque el porcentaje se incrementa si los individuos afectados presentan comorbilidades o enfermedades previas.<\/p>\n\n\n\n<p><\/p>\n<!-- AddThis Advanced Settings generic via filter on the_content --><!-- AddThis Share Buttons generic via filter on the_content -->","protected":false},"excerpt":{"rendered":"<p>Seg\u00fan inform\u00f3 el Ministerio de Salud de Tucum\u00e1n, ya son seis las personas que fallecieron a [&hellip;]<!-- AddThis Advanced Settings generic via filter on get_the_excerpt --><!-- AddThis Share Buttons generic via filter on get_the_excerpt --><\/p>\n","protected":false},"author":16,"featured_media":37798,"comment_status":"open","ping_status":"open","sticky":false,"template":"","format":"standard","meta":{"_seopress_robots_primary_cat":"none","_seopress_titles_title":"","_seopress_titles_desc":"","_seopress_robots_index":"","_themeisle_gutenberg_block_has_review":false,"footnotes":""},"categories":[2,164,140,15],"tags":[],"class_list":["post-37796","post","type-post","status-publish","format-standard","has-post-thumbnail","hentry","category-actualidad","category-ambiente","category-nacionales","category-salud"],"_links":{"self":[{"href":"https:\/\/www.almargenweb.com.ar\/web\/wp-json\/wp\/v2\/posts\/37796","targetHints":{"allow":["GET"]}}],"collection":[{"href":"https:\/\/www.almargenweb.com.ar\/web\/wp-json\/wp\/v2\/posts"}],"about":[{"href":"https:\/\/www.almargenweb.com.ar\/web\/wp-json\/wp\/v2\/types\/post"}],"author":[{"embeddable":true,"href":"https:\/\/www.almargenweb.com.ar\/web\/wp-json\/wp\/v2\/users\/16"}],"replies":[{"embeddable":true,"href":"https:\/\/www.almargenweb.com.ar\/web\/wp-json\/wp\/v2\/comments?post=37796"}],"version-history":[{"count":1,"href":"https:\/\/www.almargenweb.com.ar\/web\/wp-json\/wp\/v2\/posts\/37796\/revisions"}],"predecessor-version":[{"id":37799,"href":"https:\/\/www.almargenweb.com.ar\/web\/wp-json\/wp\/v2\/posts\/37796\/revisions\/37799"}],"wp:featuredmedia":[{"embeddable":true,"href":"https:\/\/www.almargenweb.com.ar\/web\/wp-json\/wp\/v2\/media\/37798"}],"wp:attachment":[{"href":"https:\/\/www.almargenweb.com.ar\/web\/wp-json\/wp\/v2\/media?parent=37796"}],"wp:term":[{"taxonomy":"category","embeddable":true,"href":"https:\/\/www.almargenweb.com.ar\/web\/wp-json\/wp\/v2\/categories?post=37796"},{"taxonomy":"post_tag","embeddable":true,"href":"https:\/\/www.almargenweb.com.ar\/web\/wp-json\/wp\/v2\/tags?post=37796"}],"curies":[{"name":"wp","href":"https:\/\/api.w.org\/{rel}","templated":true}]}}