{"id":37765,"date":"2022-08-30T16:05:51","date_gmt":"2022-08-30T19:05:51","guid":{"rendered":"http:\/\/www.almargenweb.com.ar\/web\/?p=37765"},"modified":"2022-08-30T16:13:41","modified_gmt":"2022-08-30T19:13:41","slug":"franja-morada-celebrando-los-55-anos-de-vida-convoco-a-la-unidad-en-la-accion-de-los-dirigentes-partidarios","status":"publish","type":"post","link":"https:\/\/www.almargenweb.com.ar\/web\/franja-morada-celebrando-los-55-anos-de-vida-convoco-a-la-unidad-en-la-accion-de-los-dirigentes-partidarios\/","title":{"rendered":"Franja Morada, celebrando los 55 a\u00f1os de vida  convoc\u00f3 a la &#8220;unidad en la acci\u00f3n de los dirigentes partidarios&#8221;"},"content":{"rendered":"\n<p>El congreso esperancino de los j\u00f3venes radicales que militan en la Universidad Nacional del Litoral cont\u00f3 con la participaci\u00f3n del presidente de la UCR santafesina, Felipe Michlig quien anunci\u00f3 la incorporaci\u00f3n estudiantil a la mesa ampliada provincial. <\/p>\n\n\n\n<p>Michlig inform\u00f3 que dos referentes de Franja Morada de la UNL y otros dos de la Universidad Nacional de Rosario, se incorporar\u00e1n a la mesa de conducci\u00f3n del radicalismo santafesino &#8220;porque su voz, sus propuestas deben ser escuchadas y potenciadas para innovar y crecer con renovaci\u00f3n dirigencial y la experiencia de los que tenemos m\u00e1s a\u00f1os&#8221;, se\u00f1al\u00f3 el referente radical.<\/p>\n\n\n\n<p>De la asamblea tambi\u00e9n participaron el ex presidente partidario, Carlos Fascendini y el rector de la Universidad nacional del litoral, Enrique Mammarella.<\/p>\n\n\n\n<p><\/p>\n\n\n\n<p><\/p>\n<!-- AddThis Advanced Settings generic via filter on the_content --><!-- AddThis Share Buttons generic via filter on the_content -->","protected":false},"excerpt":{"rendered":"<p>El congreso esperancino de los j\u00f3venes radicales que militan en la Universidad Nacional del Litoral cont\u00f3 [&hellip;]<!-- AddThis Advanced Settings generic via filter on get_the_excerpt --><!-- AddThis Share Buttons generic via filter on get_the_excerpt --><\/p>\n","protected":false},"author":16,"featured_media":37767,"comment_status":"open","ping_status":"open","sticky":false,"template":"","format":"standard","meta":{"_seopress_robots_primary_cat":"none","_seopress_titles_title":"","_seopress_titles_desc":"","_seopress_robots_index":"","_themeisle_gutenberg_block_has_review":false,"footnotes":""},"categories":[2,164,9],"tags":[],"class_list":["post-37765","post","type-post","status-publish","format-standard","has-post-thumbnail","hentry","category-actualidad","category-ambiente","category-politica"],"_links":{"self":[{"href":"https:\/\/www.almargenweb.com.ar\/web\/wp-json\/wp\/v2\/posts\/37765","targetHints":{"allow":["GET"]}}],"collection":[{"href":"https:\/\/www.almargenweb.com.ar\/web\/wp-json\/wp\/v2\/posts"}],"about":[{"href":"https:\/\/www.almargenweb.com.ar\/web\/wp-json\/wp\/v2\/types\/post"}],"author":[{"embeddable":true,"href":"https:\/\/www.almargenweb.com.ar\/web\/wp-json\/wp\/v2\/users\/16"}],"replies":[{"embeddable":true,"href":"https:\/\/www.almargenweb.com.ar\/web\/wp-json\/wp\/v2\/comments?post=37765"}],"version-history":[{"count":2,"href":"https:\/\/www.almargenweb.com.ar\/web\/wp-json\/wp\/v2\/posts\/37765\/revisions"}],"predecessor-version":[{"id":37769,"href":"https:\/\/www.almargenweb.com.ar\/web\/wp-json\/wp\/v2\/posts\/37765\/revisions\/37769"}],"wp:featuredmedia":[{"embeddable":true,"href":"https:\/\/www.almargenweb.com.ar\/web\/wp-json\/wp\/v2\/media\/37767"}],"wp:attachment":[{"href":"https:\/\/www.almargenweb.com.ar\/web\/wp-json\/wp\/v2\/media?parent=37765"}],"wp:term":[{"taxonomy":"category","embeddable":true,"href":"https:\/\/www.almargenweb.com.ar\/web\/wp-json\/wp\/v2\/categories?post=37765"},{"taxonomy":"post_tag","embeddable":true,"href":"https:\/\/www.almargenweb.com.ar\/web\/wp-json\/wp\/v2\/tags?post=37765"}],"curies":[{"name":"wp","href":"https:\/\/api.w.org\/{rel}","templated":true}]}}