{"id":37747,"date":"2022-08-24T12:48:24","date_gmt":"2022-08-24T15:48:24","guid":{"rendered":"http:\/\/www.almargenweb.com.ar\/web\/?p=37747"},"modified":"2022-08-24T12:48:26","modified_gmt":"2022-08-24T15:48:26","slug":"docentes-universitarios-vuelven-a-parar-desde-este-miercoles-por-48-horas","status":"publish","type":"post","link":"https:\/\/www.almargenweb.com.ar\/web\/docentes-universitarios-vuelven-a-parar-desde-este-miercoles-por-48-horas\/","title":{"rendered":"Docentes universitarios vuelven a parar desde este mi\u00e9rcoles por 48 horas"},"content":{"rendered":"\n<p>Este mi\u00e9rcoles, los docentes universitarios nucleados en Conadu Hist\u00f3rica comienzan una doble jornada de paro en rechazo a la &#8220;rebaja salarial&#8221; planteada por el Gobierno nacional. El paro ser\u00e1 este mi\u00e9rcoles 24 y jueves 25 de agosto.<\/p>\n\n\n\n<p>Con una multitudinaria convocatoria de docentes tantos p\u00fablicos como privados, se llev\u00f3 a cabo la segunda jornada de paro de 72 horas convocada por los gremios de Asociaci\u00f3n del Magisterio de Santa Fe (Amsafe) y Sindicato Argentino de Docentes Particulares (Sadop) en relcamo por una urgente convocatoria a paritarias.<\/p>\n\n\n\n<p>En tanto, los docentes p\u00fablicos y privados llevan tres d\u00edas de paro y los empleados estatales de UPCN levan dos dias de reclamo salarial.<\/p>\n\n\n\n<p> Amsaf\u00e9 evalu\u00f3 este martes que la adhesi\u00f3n de los maestros al paro de tres d\u00edas previsto para esta semana en reclamo de la reapertura urgente de paritarias tiene un acatamiento total en todo el territorio santafesino.<\/p>\n<!-- AddThis Advanced Settings generic via filter on the_content --><!-- AddThis Share Buttons generic via filter on the_content -->","protected":false},"excerpt":{"rendered":"<p>Este mi\u00e9rcoles, los docentes universitarios nucleados en Conadu Hist\u00f3rica comienzan una doble jornada de paro en [&hellip;]<!-- AddThis Advanced Settings generic via filter on get_the_excerpt --><!-- AddThis Share Buttons generic via filter on get_the_excerpt --><\/p>\n","protected":false},"author":16,"featured_media":37749,"comment_status":"open","ping_status":"open","sticky":false,"template":"","format":"standard","meta":{"_seopress_robots_primary_cat":"none","_seopress_titles_title":"","_seopress_titles_desc":"","_seopress_robots_index":"","_themeisle_gutenberg_block_has_review":false,"footnotes":""},"categories":[1],"tags":[],"class_list":["post-37747","post","type-post","status-publish","format-standard","has-post-thumbnail","hentry","category-sin-categoria"],"_links":{"self":[{"href":"https:\/\/www.almargenweb.com.ar\/web\/wp-json\/wp\/v2\/posts\/37747","targetHints":{"allow":["GET"]}}],"collection":[{"href":"https:\/\/www.almargenweb.com.ar\/web\/wp-json\/wp\/v2\/posts"}],"about":[{"href":"https:\/\/www.almargenweb.com.ar\/web\/wp-json\/wp\/v2\/types\/post"}],"author":[{"embeddable":true,"href":"https:\/\/www.almargenweb.com.ar\/web\/wp-json\/wp\/v2\/users\/16"}],"replies":[{"embeddable":true,"href":"https:\/\/www.almargenweb.com.ar\/web\/wp-json\/wp\/v2\/comments?post=37747"}],"version-history":[{"count":1,"href":"https:\/\/www.almargenweb.com.ar\/web\/wp-json\/wp\/v2\/posts\/37747\/revisions"}],"predecessor-version":[{"id":37750,"href":"https:\/\/www.almargenweb.com.ar\/web\/wp-json\/wp\/v2\/posts\/37747\/revisions\/37750"}],"wp:featuredmedia":[{"embeddable":true,"href":"https:\/\/www.almargenweb.com.ar\/web\/wp-json\/wp\/v2\/media\/37749"}],"wp:attachment":[{"href":"https:\/\/www.almargenweb.com.ar\/web\/wp-json\/wp\/v2\/media?parent=37747"}],"wp:term":[{"taxonomy":"category","embeddable":true,"href":"https:\/\/www.almargenweb.com.ar\/web\/wp-json\/wp\/v2\/categories?post=37747"},{"taxonomy":"post_tag","embeddable":true,"href":"https:\/\/www.almargenweb.com.ar\/web\/wp-json\/wp\/v2\/tags?post=37747"}],"curies":[{"name":"wp","href":"https:\/\/api.w.org\/{rel}","templated":true}]}}