{"id":37739,"date":"2022-08-22T14:29:44","date_gmt":"2022-08-22T17:29:44","guid":{"rendered":"http:\/\/www.almargenweb.com.ar\/web\/?p=37739"},"modified":"2022-08-22T14:29:45","modified_gmt":"2022-08-22T17:29:45","slug":"dia-de-la-ninez-mas-de-la-mitad-de-las-chicas-y-chicos-menores-de-14-anos-del-pais-viven-en-hogares-pobres","status":"publish","type":"post","link":"https:\/\/www.almargenweb.com.ar\/web\/dia-de-la-ninez-mas-de-la-mitad-de-las-chicas-y-chicos-menores-de-14-anos-del-pais-viven-en-hogares-pobres\/","title":{"rendered":"D\u00eda de la Ni\u00f1ez: m\u00e1s de la mitad de las chicas y chicos menores de 14 a\u00f1os del pa\u00eds viven en hogares pobres"},"content":{"rendered":"\n<p>Son casi 6 millones de ni\u00f1os y ni\u00f1as y m\u00e1s de 10 puntos por encima de la pobreza promedio del pa\u00eds, seg\u00fan los \u00faltimos datos del Indec.<\/p>\n\n\n\n<p>Las ayudas estatales, como la Asignaci\u00f3n Universal por Hijo o la tarjeta Alimentaria, en el mejor de los casos logran disminuir la indigencia, pero no alcanzan para que salgan de la pobreza.<\/p>\n\n\n\n<p>En la mayor\u00eda de los casos, esos ni\u00f1os y ni\u00f1as viven en hogares pobres que nunca salieron de la pobreza o indigencia. <\/p>\n\n\n\n<p>Esto significa que nacieron, se alimentaron, se educaron con toda clase de privaciones en viviendas precarias, en hacinamiento cr\u00edtico, en barrios marginales.Un chico mal alimentado con privaciones de salud tiene comprometida su educaci\u00f3n.<\/p>\n\n\n\n<p>Por la ca\u00edda de los salarios reales desde al menos desde 2017 en adelante, las mediciones del Indec marcan un aumento de la pobreza entre los trabajadores registrados.<\/p>\n\n\n\n<p>Solo en el mes de julio, la canasta familiar de pobreza aument\u00f3 en 7.081 pesos por la velocidad de las remarcaciones de precios de los alimentos y productos y servicios b\u00e1sicos.<\/p>\n\n\n\n<p>En los siete primeros meses de este a\u00f1o los precios de los alimentos b\u00e1sicos aumentaron un 50,1% y en un a\u00f1o 70,6%, de acuerdo a la medici\u00f3n del Indec.<\/p>\n\n\n\n<p><\/p>\n<!-- AddThis Advanced Settings generic via filter on the_content --><!-- AddThis Share Buttons generic via filter on the_content -->","protected":false},"excerpt":{"rendered":"<p>Son casi 6 millones de ni\u00f1os y ni\u00f1as y m\u00e1s de 10 puntos por encima de [&hellip;]<!-- AddThis Advanced Settings generic via filter on get_the_excerpt --><!-- AddThis Share Buttons generic via filter on get_the_excerpt --><\/p>\n","protected":false},"author":16,"featured_media":37741,"comment_status":"open","ping_status":"open","sticky":false,"template":"","format":"standard","meta":{"_seopress_robots_primary_cat":"none","_seopress_titles_title":"","_seopress_titles_desc":"","_seopress_robots_index":"","_themeisle_gutenberg_block_has_review":false,"footnotes":""},"categories":[2,164,5,140,9,15],"tags":[],"class_list":["post-37739","post","type-post","status-publish","format-standard","has-post-thumbnail","hentry","category-actualidad","category-ambiente","category-economia","category-nacionales","category-politica","category-salud"],"_links":{"self":[{"href":"https:\/\/www.almargenweb.com.ar\/web\/wp-json\/wp\/v2\/posts\/37739","targetHints":{"allow":["GET"]}}],"collection":[{"href":"https:\/\/www.almargenweb.com.ar\/web\/wp-json\/wp\/v2\/posts"}],"about":[{"href":"https:\/\/www.almargenweb.com.ar\/web\/wp-json\/wp\/v2\/types\/post"}],"author":[{"embeddable":true,"href":"https:\/\/www.almargenweb.com.ar\/web\/wp-json\/wp\/v2\/users\/16"}],"replies":[{"embeddable":true,"href":"https:\/\/www.almargenweb.com.ar\/web\/wp-json\/wp\/v2\/comments?post=37739"}],"version-history":[{"count":1,"href":"https:\/\/www.almargenweb.com.ar\/web\/wp-json\/wp\/v2\/posts\/37739\/revisions"}],"predecessor-version":[{"id":37742,"href":"https:\/\/www.almargenweb.com.ar\/web\/wp-json\/wp\/v2\/posts\/37739\/revisions\/37742"}],"wp:featuredmedia":[{"embeddable":true,"href":"https:\/\/www.almargenweb.com.ar\/web\/wp-json\/wp\/v2\/media\/37741"}],"wp:attachment":[{"href":"https:\/\/www.almargenweb.com.ar\/web\/wp-json\/wp\/v2\/media?parent=37739"}],"wp:term":[{"taxonomy":"category","embeddable":true,"href":"https:\/\/www.almargenweb.com.ar\/web\/wp-json\/wp\/v2\/categories?post=37739"},{"taxonomy":"post_tag","embeddable":true,"href":"https:\/\/www.almargenweb.com.ar\/web\/wp-json\/wp\/v2\/tags?post=37739"}],"curies":[{"name":"wp","href":"https:\/\/api.w.org\/{rel}","templated":true}]}}