{"id":37735,"date":"2022-08-22T13:48:41","date_gmt":"2022-08-22T16:48:41","guid":{"rendered":"http:\/\/www.almargenweb.com.ar\/web\/?p=37735"},"modified":"2022-08-22T13:48:44","modified_gmt":"2022-08-22T16:48:44","slug":"la-union-civica-radical-le-exige-la-provincia-una-inmediata-convocatoria-al-dialogo-institucional","status":"publish","type":"post","link":"https:\/\/www.almargenweb.com.ar\/web\/la-union-civica-radical-le-exige-la-provincia-una-inmediata-convocatoria-al-dialogo-institucional\/","title":{"rendered":"La Uni\u00f3n C\u00edvica Radical le exige la provincia &#8220;una inmediata convocatoria al di\u00e1logo institucional&#8221;"},"content":{"rendered":"\n<p>El comit\u00e9 provincial de la Uni\u00f3n C\u00edvica Radical (UCR) emiti\u00f3 un comunicado en el que le pide &#8220;urgentemente&#8221; al gobierno provincial que &#8220;se aboque a encontrar una inmediata soluci\u00f3n a los conflictos que mantiene con los gremios docentes y de empleados p\u00fablicos y sin m\u00e1s dilaciones genere instancias de di\u00e1logo institucional a los fines de garantizar el normal desarrollo del Estado Santafesino y del universal derecho a la salud y a la educaci\u00f3n&#8221;.<\/p>\n\n\n\n<p>&#8220;Nos resulta extremadamente preocupante que, ante la escalada del conflicto intergremial, el gobierno de Omar Perotti siga encapsulado en una posici\u00f3n negacionista de la realidad existente, sin crear condiciones de di\u00e1logo institucional y anunciando a destiempo una convocatoria a paritarias -reci\u00e9n- para el mes de septiembre&#8221;, expresa la comunicaci\u00f3n que hizo el radicalismo santafesino ante el conflicto que se desat\u00f3 entre los gremios estatales y la administraci\u00f3n provincial por el retraso de las paritarias.<\/p>\n<!-- AddThis Advanced Settings generic via filter on the_content --><!-- AddThis Share Buttons generic via filter on the_content -->","protected":false},"excerpt":{"rendered":"<p>El comit\u00e9 provincial de la Uni\u00f3n C\u00edvica Radical (UCR) emiti\u00f3 un comunicado en el que le [&hellip;]<!-- AddThis Advanced Settings generic via filter on get_the_excerpt --><!-- AddThis Share Buttons generic via filter on get_the_excerpt --><\/p>\n","protected":false},"author":16,"featured_media":37737,"comment_status":"open","ping_status":"open","sticky":false,"template":"","format":"standard","meta":{"_seopress_robots_primary_cat":"none","_seopress_titles_title":"","_seopress_titles_desc":"","_seopress_robots_index":"","_themeisle_gutenberg_block_has_review":false,"footnotes":""},"categories":[1],"tags":[],"class_list":["post-37735","post","type-post","status-publish","format-standard","has-post-thumbnail","hentry","category-sin-categoria"],"_links":{"self":[{"href":"https:\/\/www.almargenweb.com.ar\/web\/wp-json\/wp\/v2\/posts\/37735","targetHints":{"allow":["GET"]}}],"collection":[{"href":"https:\/\/www.almargenweb.com.ar\/web\/wp-json\/wp\/v2\/posts"}],"about":[{"href":"https:\/\/www.almargenweb.com.ar\/web\/wp-json\/wp\/v2\/types\/post"}],"author":[{"embeddable":true,"href":"https:\/\/www.almargenweb.com.ar\/web\/wp-json\/wp\/v2\/users\/16"}],"replies":[{"embeddable":true,"href":"https:\/\/www.almargenweb.com.ar\/web\/wp-json\/wp\/v2\/comments?post=37735"}],"version-history":[{"count":1,"href":"https:\/\/www.almargenweb.com.ar\/web\/wp-json\/wp\/v2\/posts\/37735\/revisions"}],"predecessor-version":[{"id":37738,"href":"https:\/\/www.almargenweb.com.ar\/web\/wp-json\/wp\/v2\/posts\/37735\/revisions\/37738"}],"wp:featuredmedia":[{"embeddable":true,"href":"https:\/\/www.almargenweb.com.ar\/web\/wp-json\/wp\/v2\/media\/37737"}],"wp:attachment":[{"href":"https:\/\/www.almargenweb.com.ar\/web\/wp-json\/wp\/v2\/media?parent=37735"}],"wp:term":[{"taxonomy":"category","embeddable":true,"href":"https:\/\/www.almargenweb.com.ar\/web\/wp-json\/wp\/v2\/categories?post=37735"},{"taxonomy":"post_tag","embeddable":true,"href":"https:\/\/www.almargenweb.com.ar\/web\/wp-json\/wp\/v2\/tags?post=37735"}],"curies":[{"name":"wp","href":"https:\/\/api.w.org\/{rel}","templated":true}]}}