{"id":37731,"date":"2022-08-22T13:22:10","date_gmt":"2022-08-22T16:22:10","guid":{"rendered":"http:\/\/www.almargenweb.com.ar\/web\/?p=37731"},"modified":"2022-08-22T13:22:12","modified_gmt":"2022-08-22T16:22:12","slug":"muller-sobre-el-consejo-de-seguridad-es-una-herramienta-superadora-porque-la-conduccion-y-coordinacion-esta-a-cargo-de-la-intendencia","status":"publish","type":"post","link":"https:\/\/www.almargenweb.com.ar\/web\/muller-sobre-el-consejo-de-seguridad-es-una-herramienta-superadora-porque-la-conduccion-y-coordinacion-esta-a-cargo-de-la-intendencia\/","title":{"rendered":"M\u00fcller sobre el Consejo de Seguridad: \u201cEs una herramienta superadora porque la conducci\u00f3n y coordinaci\u00f3n est\u00e1 a cargo de la intendencia\u201d"},"content":{"rendered":"\n<p>El concejal, Rodrigo M\u00fcller, enumer\u00f3 las notables diferencias entre el Consejo de Seguridad, proyecto de su autor\u00eda que fue aprobado por el Concejo Municipal, y la Comisi\u00f3n de Seguridad del Cabildo Abierto que actualmente funciona en la ciudad.<\/p>\n\n\n\n<p> \u201cEl Consejo de Seguridad es una herramienta superadora porque otorga la responsabilidad de la conducci\u00f3n y coordinaci\u00f3n del organismo a la intendencia\u201d, explic\u00f3.<\/p>\n\n\n\n<p>\u201cLa m\u00e1xima autoridad municipal tiene que estar coordinando y dirigiendo las pol\u00edticas en materia de seguridad. Adem\u00e1s, su presencia se combina con el involucramiento de los representantes del Ministerio de Seguridad de la provincia y los representantes del Poder Judicial, como los fiscales y defensores\u201d, agreg\u00f3 M\u00fcller.<\/p>\n\n\n\n<p>El proyecto aprobado en el Concejo Municipal contempla que las decisiones sean tomadas en reuniones mensuales, que se deber\u00e1n realizar con la participaci\u00f3n directa de los vecinos y en los distintos barrios de la ciudad.<\/p>\n\n\n\n<p> \u201cNosotros creemos que los esperancinos tienen el derecho de involucrarse en la garant\u00eda de su seguridad\u201d, agreg\u00f3 el referente radical.<\/p>\n\n\n\n<p>Al respecto, M\u00fcller a\u00f1adi\u00f3 que \u201cLa Comisi\u00f3n de Seguridad del Cabildo nos fue presentada como soluci\u00f3n pero sus obvias falencias hicieron necesaria la creaci\u00f3n del Consejo de Seguridad y Prevenci\u00f3n del Delito\u201d.<\/p>\n\n\n\n<p>\u201cNo creo que la alternativa sea criticada solo porque surgi\u00f3 de la oposici\u00f3n. Estoy a favor de sostener lo que funciona as\u00ed como tambi\u00e9n de pensar y proponer para mejorar, creo que gestionar es dar certezas, es llevar tranquilidad al vecino pero, sobre todas las cosas, gestionar es crear herramientas y tomar medidas para enfrentar los problemas, m\u00e1s all\u00e1 de las diferencias\u201d, concluy\u00f3 Rodrigo M\u00fcller.<\/p>\n<!-- AddThis Advanced Settings generic via filter on the_content --><!-- AddThis Share Buttons generic via filter on the_content -->","protected":false},"excerpt":{"rendered":"<p>El concejal, Rodrigo M\u00fcller, enumer\u00f3 las notables diferencias entre el Consejo de Seguridad, proyecto de su [&hellip;]<!-- AddThis Advanced Settings generic via filter on get_the_excerpt --><!-- AddThis Share Buttons generic via filter on get_the_excerpt --><\/p>\n","protected":false},"author":16,"featured_media":37733,"comment_status":"open","ping_status":"open","sticky":false,"template":"","format":"standard","meta":{"_seopress_robots_primary_cat":"none","_seopress_titles_title":"","_seopress_titles_desc":"","_seopress_robots_index":"","_themeisle_gutenberg_block_has_review":false,"footnotes":""},"categories":[2,164],"tags":[],"class_list":["post-37731","post","type-post","status-publish","format-standard","has-post-thumbnail","hentry","category-actualidad","category-ambiente"],"_links":{"self":[{"href":"https:\/\/www.almargenweb.com.ar\/web\/wp-json\/wp\/v2\/posts\/37731","targetHints":{"allow":["GET"]}}],"collection":[{"href":"https:\/\/www.almargenweb.com.ar\/web\/wp-json\/wp\/v2\/posts"}],"about":[{"href":"https:\/\/www.almargenweb.com.ar\/web\/wp-json\/wp\/v2\/types\/post"}],"author":[{"embeddable":true,"href":"https:\/\/www.almargenweb.com.ar\/web\/wp-json\/wp\/v2\/users\/16"}],"replies":[{"embeddable":true,"href":"https:\/\/www.almargenweb.com.ar\/web\/wp-json\/wp\/v2\/comments?post=37731"}],"version-history":[{"count":1,"href":"https:\/\/www.almargenweb.com.ar\/web\/wp-json\/wp\/v2\/posts\/37731\/revisions"}],"predecessor-version":[{"id":37734,"href":"https:\/\/www.almargenweb.com.ar\/web\/wp-json\/wp\/v2\/posts\/37731\/revisions\/37734"}],"wp:featuredmedia":[{"embeddable":true,"href":"https:\/\/www.almargenweb.com.ar\/web\/wp-json\/wp\/v2\/media\/37733"}],"wp:attachment":[{"href":"https:\/\/www.almargenweb.com.ar\/web\/wp-json\/wp\/v2\/media?parent=37731"}],"wp:term":[{"taxonomy":"category","embeddable":true,"href":"https:\/\/www.almargenweb.com.ar\/web\/wp-json\/wp\/v2\/categories?post=37731"},{"taxonomy":"post_tag","embeddable":true,"href":"https:\/\/www.almargenweb.com.ar\/web\/wp-json\/wp\/v2\/tags?post=37731"}],"curies":[{"name":"wp","href":"https:\/\/api.w.org\/{rel}","templated":true}]}}