{"id":37653,"date":"2022-08-04T15:53:47","date_gmt":"2022-08-04T18:53:47","guid":{"rendered":"http:\/\/www.almargenweb.com.ar\/web\/?p=37653"},"modified":"2022-08-04T15:53:48","modified_gmt":"2022-08-04T18:53:48","slug":"san-carlos-sud-el-16-de-agosto-se-inaugura-el-sum-del-jardin-no-337","status":"publish","type":"post","link":"https:\/\/www.almargenweb.com.ar\/web\/san-carlos-sud-el-16-de-agosto-se-inaugura-el-sum-del-jardin-no-337\/","title":{"rendered":"San Carlos Sud: el 16 de agosto se inaugura el SUM del Jard\u00edn N\u00ba 337"},"content":{"rendered":"\n<p>Durante la segunda semana de agosto, la comunidad educativa de San Carlos Sud tendr\u00e1 un nuevo espacio para docentes y alumnos.<\/p>\n\n\n\n<p>La presidenta comunal Florencia Primo dio detalles sobre la habilitaci\u00f3n del SUM del Jard\u00edn de Infantes N\u00b0 337 \u201cLos Pioneritos\u201d. <\/p>\n\n\n\n<p>\u201cA partir de este mes los vecinos podr\u00e1n disfrutar de dos obras emblem\u00e1ticas para la localidad. Se trata del SUM del Jard\u00edn de Infantes N\u00b0 337 y de la ampliaci\u00f3n del Samco local\u201d.<\/p>\n\n\n\n<p>Sobre este tema Primo agreg\u00f3 que la habilitaci\u00f3n del SUM del Jard\u00edn de Infantes N\u00b0 337 ser\u00e1 el pr\u00f3ximo martes 16 de agosto a partir de las 14,30 horas.<\/p>\n\n\n\n<p>\u201cEn el marco del aniversario del Jard\u00edn vamos a habilitar el Sal\u00f3n que est\u00e1 en el edificio actual de la instituci\u00f3n. La obra permitir\u00e1 que los chicos puedan realizar distintas actividades\u201d.<\/p>\n\n\n\n<p>Para la titular del Ejecutivo local se trata de una obra sumamente importante para la instituci\u00f3n educativa y para la comuna por el fuerzo que implic\u00f3 el proyecto.<\/p>\n\n\n\n<p>\u201cAdem\u00e1s es una obra sumamente importante para la instituci\u00f3n. Brindar\u00e1 mejoras condiciones para alumnos y docentes en este nuevo espacio. Tambi\u00e9n porque se llev\u00f3 a cabo con mano de obra local que es lo que uno promueve con este tipo de proyectos\u201d, a\u00f1adi\u00f3.<\/p>\n\n\n\n<p>En tanto la presidenta comunal remarc\u00f3 que en el marco de las fiestas del aniversario de la Colonia San Carlos, en el mes de septiembre se inaugurar\u00e1n los consultorios del Samco.<\/p>\n<!-- AddThis Advanced Settings generic via filter on the_content --><!-- AddThis Share Buttons generic via filter on the_content -->","protected":false},"excerpt":{"rendered":"<p>Durante la segunda semana de agosto, la comunidad educativa de San Carlos Sud tendr\u00e1 un nuevo [&hellip;]<!-- AddThis Advanced Settings generic via filter on get_the_excerpt --><!-- AddThis Share Buttons generic via filter on get_the_excerpt --><\/p>\n","protected":false},"author":16,"featured_media":37655,"comment_status":"open","ping_status":"open","sticky":false,"template":"","format":"standard","meta":{"_seopress_robots_primary_cat":"none","_seopress_titles_title":"","_seopress_titles_desc":"","_seopress_robots_index":"","_themeisle_gutenberg_block_has_review":false,"footnotes":""},"categories":[2,164,19,21],"tags":[],"class_list":["post-37653","post","type-post","status-publish","format-standard","has-post-thumbnail","hentry","category-actualidad","category-ambiente","category-educacion","category-las-colonias"],"_links":{"self":[{"href":"https:\/\/www.almargenweb.com.ar\/web\/wp-json\/wp\/v2\/posts\/37653","targetHints":{"allow":["GET"]}}],"collection":[{"href":"https:\/\/www.almargenweb.com.ar\/web\/wp-json\/wp\/v2\/posts"}],"about":[{"href":"https:\/\/www.almargenweb.com.ar\/web\/wp-json\/wp\/v2\/types\/post"}],"author":[{"embeddable":true,"href":"https:\/\/www.almargenweb.com.ar\/web\/wp-json\/wp\/v2\/users\/16"}],"replies":[{"embeddable":true,"href":"https:\/\/www.almargenweb.com.ar\/web\/wp-json\/wp\/v2\/comments?post=37653"}],"version-history":[{"count":1,"href":"https:\/\/www.almargenweb.com.ar\/web\/wp-json\/wp\/v2\/posts\/37653\/revisions"}],"predecessor-version":[{"id":37656,"href":"https:\/\/www.almargenweb.com.ar\/web\/wp-json\/wp\/v2\/posts\/37653\/revisions\/37656"}],"wp:featuredmedia":[{"embeddable":true,"href":"https:\/\/www.almargenweb.com.ar\/web\/wp-json\/wp\/v2\/media\/37655"}],"wp:attachment":[{"href":"https:\/\/www.almargenweb.com.ar\/web\/wp-json\/wp\/v2\/media?parent=37653"}],"wp:term":[{"taxonomy":"category","embeddable":true,"href":"https:\/\/www.almargenweb.com.ar\/web\/wp-json\/wp\/v2\/categories?post=37653"},{"taxonomy":"post_tag","embeddable":true,"href":"https:\/\/www.almargenweb.com.ar\/web\/wp-json\/wp\/v2\/tags?post=37653"}],"curies":[{"name":"wp","href":"https:\/\/api.w.org\/{rel}","templated":true}]}}