{"id":37649,"date":"2022-08-02T14:28:34","date_gmt":"2022-08-02T17:28:34","guid":{"rendered":"http:\/\/www.almargenweb.com.ar\/web\/?p=37649"},"modified":"2022-08-02T14:28:36","modified_gmt":"2022-08-02T17:28:36","slug":"a-pesar-del-acuerdo-los-precios-de-los-medicamentos-superaran-la-inflacion","status":"publish","type":"post","link":"https:\/\/www.almargenweb.com.ar\/web\/a-pesar-del-acuerdo-los-precios-de-los-medicamentos-superaran-la-inflacion\/","title":{"rendered":"A pesar del acuerdo, los precios de los medicamentos superar\u00e1n la inflaci\u00f3n"},"content":{"rendered":"\n<p>El martes pasado, el Gobierno anunci\u00f3 un acuerdo con las c\u00e1maras de laboratorios y empresas farmac\u00e9uticas para que durante los pr\u00f3ximos 60 d\u00edas los precios de los medicamentos est\u00e9n un punto por debajo de la inflaci\u00f3n del mes anterior.<\/p>\n\n\n\n<p> A pesar de ello, y bas\u00e1ndose en los datos del corriente a\u00f1o, se proyecta un aumento del 150% en el precio de los medicamentos.<\/p>\n\n\n\n<p>En medio de la crisis financiera y la inflaci\u00f3n, los valores de los medicamentos se dispararon y el Gobierno decidi\u00f3 realizar este acuerdo e implementar el plan &#8220;Pacientes Cuidados&#8221;, que prev\u00e9 35% de descuento en los valores de los remedios para la poblaci\u00f3n sin obra social ni prepaga.<\/p>\n\n\n\n<p>En el primer semestre del a\u00f1o, el aumento de los psicof\u00e1rmacos y de los medicamentos en general fue del 75%.<\/p>\n<!-- AddThis Advanced Settings generic via filter on the_content --><!-- AddThis Share Buttons generic via filter on the_content -->","protected":false},"excerpt":{"rendered":"<p>El martes pasado, el Gobierno anunci\u00f3 un acuerdo con las c\u00e1maras de laboratorios y empresas farmac\u00e9uticas [&hellip;]<!-- AddThis Advanced Settings generic via filter on get_the_excerpt --><!-- AddThis Share Buttons generic via filter on get_the_excerpt --><\/p>\n","protected":false},"author":16,"featured_media":37651,"comment_status":"open","ping_status":"open","sticky":false,"template":"","format":"standard","meta":{"_seopress_robots_primary_cat":"none","_seopress_titles_title":"","_seopress_titles_desc":"","_seopress_robots_index":"","_themeisle_gutenberg_block_has_review":false,"footnotes":""},"categories":[2,164,5],"tags":[],"class_list":["post-37649","post","type-post","status-publish","format-standard","has-post-thumbnail","hentry","category-actualidad","category-ambiente","category-economia"],"_links":{"self":[{"href":"https:\/\/www.almargenweb.com.ar\/web\/wp-json\/wp\/v2\/posts\/37649","targetHints":{"allow":["GET"]}}],"collection":[{"href":"https:\/\/www.almargenweb.com.ar\/web\/wp-json\/wp\/v2\/posts"}],"about":[{"href":"https:\/\/www.almargenweb.com.ar\/web\/wp-json\/wp\/v2\/types\/post"}],"author":[{"embeddable":true,"href":"https:\/\/www.almargenweb.com.ar\/web\/wp-json\/wp\/v2\/users\/16"}],"replies":[{"embeddable":true,"href":"https:\/\/www.almargenweb.com.ar\/web\/wp-json\/wp\/v2\/comments?post=37649"}],"version-history":[{"count":1,"href":"https:\/\/www.almargenweb.com.ar\/web\/wp-json\/wp\/v2\/posts\/37649\/revisions"}],"predecessor-version":[{"id":37652,"href":"https:\/\/www.almargenweb.com.ar\/web\/wp-json\/wp\/v2\/posts\/37649\/revisions\/37652"}],"wp:featuredmedia":[{"embeddable":true,"href":"https:\/\/www.almargenweb.com.ar\/web\/wp-json\/wp\/v2\/media\/37651"}],"wp:attachment":[{"href":"https:\/\/www.almargenweb.com.ar\/web\/wp-json\/wp\/v2\/media?parent=37649"}],"wp:term":[{"taxonomy":"category","embeddable":true,"href":"https:\/\/www.almargenweb.com.ar\/web\/wp-json\/wp\/v2\/categories?post=37649"},{"taxonomy":"post_tag","embeddable":true,"href":"https:\/\/www.almargenweb.com.ar\/web\/wp-json\/wp\/v2\/tags?post=37649"}],"curies":[{"name":"wp","href":"https:\/\/api.w.org\/{rel}","templated":true}]}}